{"id":1647,"date":"2023-12-15T08:27:35","date_gmt":"2023-12-15T07:27:35","guid":{"rendered":"https:\/\/pl.marani.pl\/?p=1647"},"modified":"2024-01-30T08:29:13","modified_gmt":"2024-01-30T07:29:13","slug":"stacja-sprezonego-powietrza-10-x-132kw","status":"publish","type":"post","link":"https:\/\/www.marani.pl\/en\/stacja-sprezonego-powietrza-10-x-132kw\/","title":{"rendered":"Compressed air station 10 x 132kW"},"content":{"rendered":"<p>Compressed air station comprising 10 compressors, each with a capacity of 132 kW.<\/p>\n\n\n\n<p>The scope of work included the supply, installation and commissioning of a compressor station as well as the modernisation of the compressed air treatment system.<\/p>\n\n\n\n<figure class=\"wp-block-image size-full\"><img fetchpriority=\"high\" decoding=\"async\" width=\"960\" height=\"541\" src=\"https:\/\/pl.marani.pl\/wp-content\/uploads\/2024\/01\/68120_707429322682186_8574053826651314969_n-1.jpg\" alt=\"\" class=\"wp-image-1648\" srcset=\"https:\/\/www.marani.pl\/wp-content\/uploads\/2024\/01\/68120_707429322682186_8574053826651314969_n-1.jpg 960w, https:\/\/www.marani.pl\/wp-content\/uploads\/2024\/01\/68120_707429322682186_8574053826651314969_n-1-300x169.jpg 300w, https:\/\/www.marani.pl\/wp-content\/uploads\/2024\/01\/68120_707429322682186_8574053826651314969_n-1-768x433.jpg 768w\" sizes=\"(max-width: 960px) 100vw, 960px\" \/><\/figure>\n\n\n\n<figure class=\"wp-block-image size-large\"><img decoding=\"async\" width=\"960\" height=\"541\" src=\"https:\/\/pl.marani.pl\/wp-content\/uploads\/2024\/01\/10153754_707429316015520_5456352604820972157_n-1.jpg\" alt=\"\" class=\"wp-image-1650\" srcset=\"https:\/\/www.marani.pl\/wp-content\/uploads\/2024\/01\/10153754_707429316015520_5456352604820972157_n-1.jpg 960w, https:\/\/www.marani.pl\/wp-content\/uploads\/2024\/01\/10153754_707429316015520_5456352604820972157_n-1-300x169.jpg 300w, https:\/\/www.marani.pl\/wp-content\/uploads\/2024\/01\/10153754_707429316015520_5456352604820972157_n-1-768x433.jpg 768w\" sizes=\"(max-width: 960px) 100vw, 960px\" \/><\/figure>\n\n\n\n<figure class=\"wp-block-image size-large\"><img decoding=\"async\" width=\"960\" height=\"541\" src=\"https:\/\/pl.marani.pl\/wp-content\/uploads\/2024\/01\/10374518_707428792682239_7441195367221545004_n.jpg\" alt=\"\" class=\"wp-image-1649\" srcset=\"https:\/\/www.marani.pl\/wp-content\/uploads\/2024\/01\/10374518_707428792682239_7441195367221545004_n.jpg 960w, https:\/\/www.marani.pl\/wp-content\/uploads\/2024\/01\/10374518_707428792682239_7441195367221545004_n-300x169.jpg 300w, https:\/\/www.marani.pl\/wp-content\/uploads\/2024\/01\/10374518_707428792682239_7441195367221545004_n-768x433.jpg 768w\" sizes=\"(max-width: 960px) 100vw, 960px\" \/><\/figure>\n\n\n\n<p><\/p>","protected":false},"excerpt":{"rendered":"<p>Compressed air station consisting of 10 compressors, each with a capacity of 132 kW. The scope of work included the supply, installation and commissioning of [...]<\/p>","protected":false},"author":1,"featured_media":1650,"comment_status":"closed","ping_status":"open","sticky":false,"template":"","format":"standard","meta":{"site-sidebar-layout":"default","site-content-layout":"","ast-site-content-layout":"","site-content-style":"default","site-sidebar-style":"default","ast-global-header-display":"","ast-banner-title-visibility":"","ast-main-header-display":"","ast-hfb-above-header-display":"","ast-hfb-below-header-display":"","ast-hfb-mobile-header-display":"","site-post-title":"","ast-breadcrumbs-content":"","ast-featured-img":"","footer-sml-layout":"","theme-transparent-header-meta":"","adv-header-id-meta":"","stick-header-meta":"","header-above-stick-meta":"","header-main-stick-meta":"","header-below-stick-meta":"","astra-migrate-meta-layouts":"default","ast-page-background-enabled":"default","ast-page-background-meta":{"desktop":{"background-color":"var(--ast-global-color-4)","background-image":"","background-repeat":"repeat","background-position":"center center","background-size":"auto","background-attachment":"scroll","background-type":"","background-media":"","overlay-type":"","overlay-color":"","overlay-gradient":""},"tablet":{"background-color":"","background-image":"","background-repeat":"repeat","background-position":"center center","background-size":"auto","background-attachment":"scroll","background-type":"","background-media":"","overlay-type":"","overlay-color":"","overlay-gradient":""},"mobile":{"background-color":"","background-image":"","background-repeat":"repeat","background-position":"center center","background-size":"auto","background-attachment":"scroll","background-type":"","background-media":"","overlay-type":"","overlay-color":"","overlay-gradient":""}},"ast-content-background-meta":{"desktop":{"background-color":"var(--ast-global-color-5)","background-image":"","background-repeat":"repeat","background-position":"center center","background-size":"auto","background-attachment":"scroll","background-type":"","background-media":"","overlay-type":"","overlay-color":"","overlay-gradient":""},"tablet":{"background-color":"var(--ast-global-color-5)","background-image":"","background-repeat":"repeat","background-position":"center center","background-size":"auto","background-attachment":"scroll","background-type":"","background-media":"","overlay-type":"","overlay-color":"","overlay-gradient":""},"mobile":{"background-color":"var(--ast-global-color-5)","background-image":"","background-repeat":"repeat","background-position":"center center","background-size":"auto","background-attachment":"scroll","background-type":"","background-media":"","overlay-type":"","overlay-color":"","overlay-gradient":""}},"footnotes":""},"categories":[5],"tags":[],"class_list":["post-1647","post","type-post","status-publish","format-standard","has-post-thumbnail","hentry","category-realizacje"],"yoast_head":"<!-- This site is optimized with the Yoast SEO plugin v26.7 - https:\/\/yoast.com\/wordpress\/plugins\/seo\/ -->\n<title>Stacja spr\u0119\u017conego powietrza 10 x 132kW -<\/title>\n<meta name=\"robots\" content=\"index, follow, max-snippet:-1, max-image-preview:large, max-video-preview:-1\" \/>\n<link rel=\"canonical\" href=\"https:\/\/www.marani.pl\/en\/stacja-sprezonego-powietrza-10-x-132kw\/\" \/>\n<meta property=\"og:locale\" content=\"en_GB\" \/>\n<meta property=\"og:type\" content=\"article\" \/>\n<meta property=\"og:title\" content=\"Stacja spr\u0119\u017conego powietrza 10 x 132kW -\" \/>\n<meta property=\"og:description\" content=\"Stacja spr\u0119\u017conego powietrza sk\u0142adaj\u0105ca si\u0119 z 10-ciu spr\u0119\u017carek o mocy 132 kW ka\u017cda. Zakres prac obejmowa\u0142 dostaw\u0119, monta\u017c oraz uruchomienie [&hellip;]\" \/>\n<meta property=\"og:url\" content=\"https:\/\/www.marani.pl\/en\/stacja-sprezonego-powietrza-10-x-132kw\/\" \/>\n<meta property=\"article:publisher\" content=\"https:\/\/www.facebook.com\/MaraniCompressedAir\" \/>\n<meta property=\"article:published_time\" content=\"2023-12-15T07:27:35+00:00\" \/>\n<meta property=\"article:modified_time\" content=\"2024-01-30T07:29:13+00:00\" \/>\n<meta property=\"og:image\" content=\"https:\/\/www.marani.pl\/wp-content\/uploads\/2024\/01\/10153754_707429316015520_5456352604820972157_n-1.jpg\" \/>\n\t<meta property=\"og:image:width\" content=\"960\" \/>\n\t<meta property=\"og:image:height\" content=\"541\" \/>\n\t<meta property=\"og:image:type\" content=\"image\/jpeg\" \/>\n<meta name=\"author\" content=\"admin\" \/>\n<script type=\"application\/ld+json\" class=\"yoast-schema-graph\">{\"@context\":\"https:\/\/schema.org\",\"@graph\":[{\"@type\":\"Article\",\"@id\":\"https:\/\/www.marani.pl\/stacja-sprezonego-powietrza-10-x-132kw\/#article\",\"isPartOf\":{\"@id\":\"https:\/\/www.marani.pl\/stacja-sprezonego-powietrza-10-x-132kw\/\"},\"author\":{\"name\":\"admin\",\"@id\":\"https:\/\/www.marani.pl\/#\/schema\/person\/22ff6539bc8a75fb72262895a86009cc\"},\"headline\":\"Stacja spr\u0119\u017conego powietrza 10 x 132kW\",\"datePublished\":\"2023-12-15T07:27:35+00:00\",\"dateModified\":\"2024-01-30T07:29:13+00:00\",\"mainEntityOfPage\":{\"@id\":\"https:\/\/www.marani.pl\/stacja-sprezonego-powietrza-10-x-132kw\/\"},\"wordCount\":41,\"publisher\":{\"@id\":\"https:\/\/www.marani.pl\/#organization\"},\"image\":{\"@id\":\"https:\/\/www.marani.pl\/stacja-sprezonego-powietrza-10-x-132kw\/#primaryimage\"},\"thumbnailUrl\":\"https:\/\/www.marani.pl\/wp-content\/uploads\/2024\/01\/10153754_707429316015520_5456352604820972157_n-1.jpg\",\"articleSection\":[\"Realizacje\"],\"inLanguage\":\"en-GB\"},{\"@type\":\"WebPage\",\"@id\":\"https:\/\/www.marani.pl\/stacja-sprezonego-powietrza-10-x-132kw\/\",\"url\":\"https:\/\/www.marani.pl\/stacja-sprezonego-powietrza-10-x-132kw\/\",\"name\":\"Stacja spr\u0119\u017conego powietrza 10 x 132kW -\",\"isPartOf\":{\"@id\":\"https:\/\/www.marani.pl\/#website\"},\"primaryImageOfPage\":{\"@id\":\"https:\/\/www.marani.pl\/stacja-sprezonego-powietrza-10-x-132kw\/#primaryimage\"},\"image\":{\"@id\":\"https:\/\/www.marani.pl\/stacja-sprezonego-powietrza-10-x-132kw\/#primaryimage\"},\"thumbnailUrl\":\"https:\/\/www.marani.pl\/wp-content\/uploads\/2024\/01\/10153754_707429316015520_5456352604820972157_n-1.jpg\",\"datePublished\":\"2023-12-15T07:27:35+00:00\",\"dateModified\":\"2024-01-30T07:29:13+00:00\",\"breadcrumb\":{\"@id\":\"https:\/\/www.marani.pl\/stacja-sprezonego-powietrza-10-x-132kw\/#breadcrumb\"},\"inLanguage\":\"en-GB\",\"potentialAction\":[{\"@type\":\"ReadAction\",\"target\":[\"https:\/\/www.marani.pl\/stacja-sprezonego-powietrza-10-x-132kw\/\"]}]},{\"@type\":\"ImageObject\",\"inLanguage\":\"en-GB\",\"@id\":\"https:\/\/www.marani.pl\/stacja-sprezonego-powietrza-10-x-132kw\/#primaryimage\",\"url\":\"https:\/\/www.marani.pl\/wp-content\/uploads\/2024\/01\/10153754_707429316015520_5456352604820972157_n-1.jpg\",\"contentUrl\":\"https:\/\/www.marani.pl\/wp-content\/uploads\/2024\/01\/10153754_707429316015520_5456352604820972157_n-1.jpg\",\"width\":960,\"height\":541,\"caption\":\"Instalacje pneumatyczne\"},{\"@type\":\"BreadcrumbList\",\"@id\":\"https:\/\/www.marani.pl\/stacja-sprezonego-powietrza-10-x-132kw\/#breadcrumb\",\"itemListElement\":[{\"@type\":\"ListItem\",\"position\":1,\"name\":\"Strona g\u0142\u00f3wna\",\"item\":\"https:\/\/www.marani.pl\/\"},{\"@type\":\"ListItem\",\"position\":2,\"name\":\"Stacja spr\u0119\u017conego powietrza 10 x 132kW\"}]},{\"@type\":\"WebSite\",\"@id\":\"https:\/\/www.marani.pl\/#website\",\"url\":\"https:\/\/www.marani.pl\/\",\"name\":\"\",\"description\":\"\",\"publisher\":{\"@id\":\"https:\/\/www.marani.pl\/#organization\"},\"potentialAction\":[{\"@type\":\"SearchAction\",\"target\":{\"@type\":\"EntryPoint\",\"urlTemplate\":\"https:\/\/www.marani.pl\/?s={search_term_string}\"},\"query-input\":{\"@type\":\"PropertyValueSpecification\",\"valueRequired\":true,\"valueName\":\"search_term_string\"}}],\"inLanguage\":\"en-GB\"},{\"@type\":\"Organization\",\"@id\":\"https:\/\/www.marani.pl\/#organization\",\"name\":\"Marani Sp. z o.o.\",\"url\":\"https:\/\/www.marani.pl\/\",\"logo\":{\"@type\":\"ImageObject\",\"inLanguage\":\"en-GB\",\"@id\":\"https:\/\/www.marani.pl\/#\/schema\/logo\/image\/\",\"url\":\"https:\/\/www.marani.pl\/wp-content\/uploads\/2024\/01\/mm4-1-1.jpg\",\"contentUrl\":\"https:\/\/www.marani.pl\/wp-content\/uploads\/2024\/01\/mm4-1-1.jpg\",\"width\":1200,\"height\":897,\"caption\":\"Marani Sp. z o.o.\"},\"image\":{\"@id\":\"https:\/\/www.marani.pl\/#\/schema\/logo\/image\/\"},\"sameAs\":[\"https:\/\/www.facebook.com\/MaraniCompressedAir\"]},{\"@type\":\"Person\",\"@id\":\"https:\/\/www.marani.pl\/#\/schema\/person\/22ff6539bc8a75fb72262895a86009cc\",\"name\":\"admin\",\"image\":{\"@type\":\"ImageObject\",\"inLanguage\":\"en-GB\",\"@id\":\"https:\/\/www.marani.pl\/#\/schema\/person\/image\/\",\"url\":\"https:\/\/secure.gravatar.com\/avatar\/60a8cad58673016d20a75261c088f8c4571f67273d9b1beede35a80a1e9d7431?s=96&d=mm&r=g\",\"contentUrl\":\"https:\/\/secure.gravatar.com\/avatar\/60a8cad58673016d20a75261c088f8c4571f67273d9b1beede35a80a1e9d7431?s=96&d=mm&r=g\",\"caption\":\"admin\"},\"sameAs\":[\"http:\/\/pl.marani.pl\"],\"url\":\"https:\/\/www.marani.pl\/en\/author\/admin\/\"}]}<\/script>\n<!-- \/ Yoast SEO plugin. -->","yoast_head_json":{"title":"Stacja spr\u0119\u017conego powietrza 10 x 132kW -","robots":{"index":"index","follow":"follow","max-snippet":"max-snippet:-1","max-image-preview":"max-image-preview:large","max-video-preview":"max-video-preview:-1"},"canonical":"https:\/\/www.marani.pl\/en\/stacja-sprezonego-powietrza-10-x-132kw\/","og_locale":"en_GB","og_type":"article","og_title":"Stacja spr\u0119\u017conego powietrza 10 x 132kW -","og_description":"Stacja spr\u0119\u017conego powietrza sk\u0142adaj\u0105ca si\u0119 z 10-ciu spr\u0119\u017carek o mocy 132 kW ka\u017cda. Zakres prac obejmowa\u0142 dostaw\u0119, monta\u017c oraz uruchomienie [&hellip;]","og_url":"https:\/\/www.marani.pl\/en\/stacja-sprezonego-powietrza-10-x-132kw\/","article_publisher":"https:\/\/www.facebook.com\/MaraniCompressedAir","article_published_time":"2023-12-15T07:27:35+00:00","article_modified_time":"2024-01-30T07:29:13+00:00","og_image":[{"width":960,"height":541,"url":"https:\/\/www.marani.pl\/wp-content\/uploads\/2024\/01\/10153754_707429316015520_5456352604820972157_n-1.jpg","type":"image\/jpeg"}],"author":"admin","schema":{"@context":"https:\/\/schema.org","@graph":[{"@type":"Article","@id":"https:\/\/www.marani.pl\/stacja-sprezonego-powietrza-10-x-132kw\/#article","isPartOf":{"@id":"https:\/\/www.marani.pl\/stacja-sprezonego-powietrza-10-x-132kw\/"},"author":{"name":"admin","@id":"https:\/\/www.marani.pl\/#\/schema\/person\/22ff6539bc8a75fb72262895a86009cc"},"headline":"Stacja spr\u0119\u017conego powietrza 10 x 132kW","datePublished":"2023-12-15T07:27:35+00:00","dateModified":"2024-01-30T07:29:13+00:00","mainEntityOfPage":{"@id":"https:\/\/www.marani.pl\/stacja-sprezonego-powietrza-10-x-132kw\/"},"wordCount":41,"publisher":{"@id":"https:\/\/www.marani.pl\/#organization"},"image":{"@id":"https:\/\/www.marani.pl\/stacja-sprezonego-powietrza-10-x-132kw\/#primaryimage"},"thumbnailUrl":"https:\/\/www.marani.pl\/wp-content\/uploads\/2024\/01\/10153754_707429316015520_5456352604820972157_n-1.jpg","articleSection":["Realizacje"],"inLanguage":"en-GB"},{"@type":"WebPage","@id":"https:\/\/www.marani.pl\/stacja-sprezonego-powietrza-10-x-132kw\/","url":"https:\/\/www.marani.pl\/stacja-sprezonego-powietrza-10-x-132kw\/","name":"Stacja spr\u0119\u017conego powietrza 10 x 132kW -","isPartOf":{"@id":"https:\/\/www.marani.pl\/#website"},"primaryImageOfPage":{"@id":"https:\/\/www.marani.pl\/stacja-sprezonego-powietrza-10-x-132kw\/#primaryimage"},"image":{"@id":"https:\/\/www.marani.pl\/stacja-sprezonego-powietrza-10-x-132kw\/#primaryimage"},"thumbnailUrl":"https:\/\/www.marani.pl\/wp-content\/uploads\/2024\/01\/10153754_707429316015520_5456352604820972157_n-1.jpg","datePublished":"2023-12-15T07:27:35+00:00","dateModified":"2024-01-30T07:29:13+00:00","breadcrumb":{"@id":"https:\/\/www.marani.pl\/stacja-sprezonego-powietrza-10-x-132kw\/#breadcrumb"},"inLanguage":"en-GB","potentialAction":[{"@type":"ReadAction","target":["https:\/\/www.marani.pl\/stacja-sprezonego-powietrza-10-x-132kw\/"]}]},{"@type":"ImageObject","inLanguage":"en-GB","@id":"https:\/\/www.marani.pl\/stacja-sprezonego-powietrza-10-x-132kw\/#primaryimage","url":"https:\/\/www.marani.pl\/wp-content\/uploads\/2024\/01\/10153754_707429316015520_5456352604820972157_n-1.jpg","contentUrl":"https:\/\/www.marani.pl\/wp-content\/uploads\/2024\/01\/10153754_707429316015520_5456352604820972157_n-1.jpg","width":960,"height":541,"caption":"Instalacje pneumatyczne"},{"@type":"BreadcrumbList","@id":"https:\/\/www.marani.pl\/stacja-sprezonego-powietrza-10-x-132kw\/#breadcrumb","itemListElement":[{"@type":"ListItem","position":1,"name":"Strona g\u0142\u00f3wna","item":"https:\/\/www.marani.pl\/"},{"@type":"ListItem","position":2,"name":"Stacja spr\u0119\u017conego powietrza 10 x 132kW"}]},{"@type":"WebSite","@id":"https:\/\/www.marani.pl\/#website","url":"https:\/\/www.marani.pl\/","name":"","description":"","publisher":{"@id":"https:\/\/www.marani.pl\/#organization"},"potentialAction":[{"@type":"SearchAction","target":{"@type":"EntryPoint","urlTemplate":"https:\/\/www.marani.pl\/?s={search_term_string}"},"query-input":{"@type":"PropertyValueSpecification","valueRequired":true,"valueName":"search_term_string"}}],"inLanguage":"en-GB"},{"@type":"Organization","@id":"https:\/\/www.marani.pl\/#organization","name":"Marani Sp. z o.o.","url":"https:\/\/www.marani.pl\/","logo":{"@type":"ImageObject","inLanguage":"en-GB","@id":"https:\/\/www.marani.pl\/#\/schema\/logo\/image\/","url":"https:\/\/www.marani.pl\/wp-content\/uploads\/2024\/01\/mm4-1-1.jpg","contentUrl":"https:\/\/www.marani.pl\/wp-content\/uploads\/2024\/01\/mm4-1-1.jpg","width":1200,"height":897,"caption":"Marani Sp. z o.o."},"image":{"@id":"https:\/\/www.marani.pl\/#\/schema\/logo\/image\/"},"sameAs":["https:\/\/www.facebook.com\/MaraniCompressedAir"]},{"@type":"Person","@id":"https:\/\/www.marani.pl\/#\/schema\/person\/22ff6539bc8a75fb72262895a86009cc","name":"admin","image":{"@type":"ImageObject","inLanguage":"en-GB","@id":"https:\/\/www.marani.pl\/#\/schema\/person\/image\/","url":"https:\/\/secure.gravatar.com\/avatar\/60a8cad58673016d20a75261c088f8c4571f67273d9b1beede35a80a1e9d7431?s=96&d=mm&r=g","contentUrl":"https:\/\/secure.gravatar.com\/avatar\/60a8cad58673016d20a75261c088f8c4571f67273d9b1beede35a80a1e9d7431?s=96&d=mm&r=g","caption":"admin"},"sameAs":["http:\/\/pl.marani.pl"],"url":"https:\/\/www.marani.pl\/en\/author\/admin\/"}]}},"_links":{"self":[{"href":"https:\/\/www.marani.pl\/en\/wp-json\/wp\/v2\/posts\/1647","targetHints":{"allow":["GET"]}}],"collection":[{"href":"https:\/\/www.marani.pl\/en\/wp-json\/wp\/v2\/posts"}],"about":[{"href":"https:\/\/www.marani.pl\/en\/wp-json\/wp\/v2\/types\/post"}],"author":[{"embeddable":true,"href":"https:\/\/www.marani.pl\/en\/wp-json\/wp\/v2\/users\/1"}],"replies":[{"embeddable":true,"href":"https:\/\/www.marani.pl\/en\/wp-json\/wp\/v2\/comments?post=1647"}],"version-history":[{"count":1,"href":"https:\/\/www.marani.pl\/en\/wp-json\/wp\/v2\/posts\/1647\/revisions"}],"predecessor-version":[{"id":1651,"href":"https:\/\/www.marani.pl\/en\/wp-json\/wp\/v2\/posts\/1647\/revisions\/1651"}],"wp:featuredmedia":[{"embeddable":true,"href":"https:\/\/www.marani.pl\/en\/wp-json\/wp\/v2\/media\/1650"}],"wp:attachment":[{"href":"https:\/\/www.marani.pl\/en\/wp-json\/wp\/v2\/media?parent=1647"}],"wp:term":[{"taxonomy":"category","embeddable":true,"href":"https:\/\/www.marani.pl\/en\/wp-json\/wp\/v2\/categories?post=1647"},{"taxonomy":"post_tag","embeddable":true,"href":"https:\/\/www.marani.pl\/en\/wp-json\/wp\/v2\/tags?post=1647"}],"curies":[{"name":"wp","href":"https:\/\/api.w.org\/{rel}","templated":true}]}}