{"id":181,"date":"2023-11-21T17:06:10","date_gmt":"2023-11-21T16:06:10","guid":{"rendered":"http:\/\/pl.marani.pl\/?p=181"},"modified":"2024-01-11T17:07:47","modified_gmt":"2024-01-11T16:07:47","slug":"targi-wetex-dubai-and-dubai-solar-show-2023","status":"publish","type":"post","link":"https:\/\/www.marani.pl\/en\/targi-wetex-dubai-and-dubai-solar-show-2023\/","title":{"rendered":"Wetex Dubai and Dubai Solar Show 2023"},"content":{"rendered":"<p>MARANI Sp. z o. o. had the pleasure of participating in one of the most prestigious events in the field of sustainable development and clean energy, i.e. Wetex Dubai and Dubai Solar Show 2023. Together with AGRAF ArchiTube - BIM Inwentaryzacje EDFelectronics MARTECH-PLUS Marcin Mistarz Sp.J. MQ Energy O\u015brodek Pomiar\u00f3w i Automatyki S.A. Pol-Eko, as well as representatives of Bank Gospodarstw Krajowego \/ Idea 3W and the Abu Dhabi Regional Office, promoted products and services presenting the potential of the Silesian Voivodeship.<\/p>\n\n\n\n<p>The inSilesia stand of the Silesian Voivodeship was honoured with the presence of, among others, the President of the Dubai Electricity and Water Authority (DEWA) and initiator of the WETEX &amp; Dubai Solar Show - His Excellency Saeed Mohammed Al Tayer, as well as the Ambassador of the Republic of Poland to the United Arab Emirates, Mr Jakub S\u0142awek.<\/p>\n\n\n\n<p>Thanks to MK Business Link for organising the meetings and the opportunity to network with government decision-makers, business leaders, investors and national delegations from around the world.<\/p>\n\n\n\n<figure class=\"wp-block-image size-full\"><img fetchpriority=\"high\" decoding=\"async\" width=\"1024\" height=\"768\" src=\"http:\/\/pl.marani.pl\/wp-content\/uploads\/2024\/01\/IMG-20231115-WA0002.jpg\" alt=\"\" class=\"wp-image-183\" srcset=\"https:\/\/www.marani.pl\/wp-content\/uploads\/2024\/01\/IMG-20231115-WA0002.jpg 1024w, https:\/\/www.marani.pl\/wp-content\/uploads\/2024\/01\/IMG-20231115-WA0002-300x225.jpg 300w, https:\/\/www.marani.pl\/wp-content\/uploads\/2024\/01\/IMG-20231115-WA0002-768x576.jpg 768w\" sizes=\"(max-width: 1024px) 100vw, 1024px\" \/><\/figure>\n\n\n\n<figure class=\"wp-block-image size-full\"><img decoding=\"async\" width=\"723\" height=\"742\" src=\"http:\/\/pl.marani.pl\/wp-content\/uploads\/2024\/01\/IMG-20231117-WA0049.jpg\" alt=\"\" class=\"wp-image-182\" srcset=\"https:\/\/www.marani.pl\/wp-content\/uploads\/2024\/01\/IMG-20231117-WA0049.jpg 723w, https:\/\/www.marani.pl\/wp-content\/uploads\/2024\/01\/IMG-20231117-WA0049-292x300.jpg 292w\" sizes=\"(max-width: 723px) 100vw, 723px\" \/><\/figure>","protected":false},"excerpt":{"rendered":"<p>MARANI Ltd. was pleased to participate in one of the most prestigious events in the field of sustainability and [...]<\/p>","protected":false},"author":1,"featured_media":182,"comment_status":"closed","ping_status":"open","sticky":false,"template":"","format":"standard","meta":{"site-sidebar-layout":"default","site-content-layout":"","ast-site-content-layout":"","site-content-style":"default","site-sidebar-style":"default","ast-global-header-display":"","ast-banner-title-visibility":"","ast-main-header-display":"","ast-hfb-above-header-display":"","ast-hfb-below-header-display":"","ast-hfb-mobile-header-display":"","site-post-title":"","ast-breadcrumbs-content":"","ast-featured-img":"","footer-sml-layout":"","theme-transparent-header-meta":"","adv-header-id-meta":"","stick-header-meta":"","header-above-stick-meta":"","header-main-stick-meta":"","header-below-stick-meta":"","astra-migrate-meta-layouts":"default","ast-page-background-enabled":"default","ast-page-background-meta":{"desktop":{"background-color":"var(--ast-global-color-4)","background-image":"","background-repeat":"repeat","background-position":"center center","background-size":"auto","background-attachment":"scroll","background-type":"","background-media":"","overlay-type":"","overlay-color":"","overlay-gradient":""},"tablet":{"background-color":"","background-image":"","background-repeat":"repeat","background-position":"center center","background-size":"auto","background-attachment":"scroll","background-type":"","background-media":"","overlay-type":"","overlay-color":"","overlay-gradient":""},"mobile":{"background-color":"","background-image":"","background-repeat":"repeat","background-position":"center center","background-size":"auto","background-attachment":"scroll","background-type":"","background-media":"","overlay-type":"","overlay-color":"","overlay-gradient":""}},"ast-content-background-meta":{"desktop":{"background-color":"var(--ast-global-color-5)","background-image":"","background-repeat":"repeat","background-position":"center center","background-size":"auto","background-attachment":"scroll","background-type":"","background-media":"","overlay-type":"","overlay-color":"","overlay-gradient":""},"tablet":{"background-color":"var(--ast-global-color-5)","background-image":"","background-repeat":"repeat","background-position":"center center","background-size":"auto","background-attachment":"scroll","background-type":"","background-media":"","overlay-type":"","overlay-color":"","overlay-gradient":""},"mobile":{"background-color":"var(--ast-global-color-5)","background-image":"","background-repeat":"repeat","background-position":"center center","background-size":"auto","background-attachment":"scroll","background-type":"","background-media":"","overlay-type":"","overlay-color":"","overlay-gradient":""}},"footnotes":""},"categories":[1],"tags":[],"class_list":["post-181","post","type-post","status-publish","format-standard","has-post-thumbnail","hentry","category-aktualnosci"],"yoast_head":"<!-- This site is optimized with the Yoast SEO plugin v26.7 - https:\/\/yoast.com\/wordpress\/plugins\/seo\/ -->\n<title>Targi\u00a0Wetex Dubai\u00a0and Dubai Solar Show 2023 -<\/title>\n<meta name=\"robots\" content=\"index, follow, max-snippet:-1, max-image-preview:large, max-video-preview:-1\" \/>\n<link rel=\"canonical\" href=\"https:\/\/www.marani.pl\/en\/targi-wetex-dubai-and-dubai-solar-show-2023\/\" \/>\n<meta property=\"og:locale\" content=\"en_GB\" \/>\n<meta property=\"og:type\" content=\"article\" \/>\n<meta property=\"og:title\" content=\"Targi\u00a0Wetex Dubai\u00a0and Dubai Solar Show 2023 -\" \/>\n<meta property=\"og:description\" content=\"Firma MARANI Sp. z o. o. mia\u0142a przyjemno\u015b\u0107 uczestniczy\u0107 w jednym z najbardziej presti\u017cowych wydarze\u0144 w dziedzinie zr\u00f3wnowa\u017conego rozwoju i [&hellip;]\" \/>\n<meta property=\"og:url\" content=\"https:\/\/www.marani.pl\/en\/targi-wetex-dubai-and-dubai-solar-show-2023\/\" \/>\n<meta property=\"article:publisher\" content=\"https:\/\/www.facebook.com\/MaraniCompressedAir\" \/>\n<meta property=\"article:published_time\" content=\"2023-11-21T16:06:10+00:00\" \/>\n<meta property=\"article:modified_time\" content=\"2024-01-11T16:07:47+00:00\" \/>\n<meta property=\"og:image\" content=\"https:\/\/www.marani.pl\/wp-content\/uploads\/2024\/01\/IMG-20231117-WA0049.jpg\" \/>\n\t<meta property=\"og:image:width\" content=\"723\" \/>\n\t<meta property=\"og:image:height\" content=\"742\" \/>\n\t<meta property=\"og:image:type\" content=\"image\/jpeg\" \/>\n<meta name=\"author\" content=\"admin\" \/>\n<script type=\"application\/ld+json\" class=\"yoast-schema-graph\">{\"@context\":\"https:\/\/schema.org\",\"@graph\":[{\"@type\":\"Article\",\"@id\":\"https:\/\/www.marani.pl\/targi-wetex-dubai-and-dubai-solar-show-2023\/#article\",\"isPartOf\":{\"@id\":\"https:\/\/www.marani.pl\/targi-wetex-dubai-and-dubai-solar-show-2023\/\"},\"author\":{\"name\":\"admin\",\"@id\":\"https:\/\/www.marani.pl\/#\/schema\/person\/22ff6539bc8a75fb72262895a86009cc\"},\"headline\":\"Targi\u00a0Wetex Dubai\u00a0and Dubai Solar Show 2023\",\"datePublished\":\"2023-11-21T16:06:10+00:00\",\"dateModified\":\"2024-01-11T16:07:47+00:00\",\"mainEntityOfPage\":{\"@id\":\"https:\/\/www.marani.pl\/targi-wetex-dubai-and-dubai-solar-show-2023\/\"},\"wordCount\":187,\"publisher\":{\"@id\":\"https:\/\/www.marani.pl\/#organization\"},\"image\":{\"@id\":\"https:\/\/www.marani.pl\/targi-wetex-dubai-and-dubai-solar-show-2023\/#primaryimage\"},\"thumbnailUrl\":\"https:\/\/www.marani.pl\/wp-content\/uploads\/2024\/01\/IMG-20231117-WA0049.jpg\",\"articleSection\":[\"Aktualno\u015bci\"],\"inLanguage\":\"en-GB\"},{\"@type\":\"WebPage\",\"@id\":\"https:\/\/www.marani.pl\/targi-wetex-dubai-and-dubai-solar-show-2023\/\",\"url\":\"https:\/\/www.marani.pl\/targi-wetex-dubai-and-dubai-solar-show-2023\/\",\"name\":\"Targi\u00a0Wetex Dubai\u00a0and Dubai Solar Show 2023 -\",\"isPartOf\":{\"@id\":\"https:\/\/www.marani.pl\/#website\"},\"primaryImageOfPage\":{\"@id\":\"https:\/\/www.marani.pl\/targi-wetex-dubai-and-dubai-solar-show-2023\/#primaryimage\"},\"image\":{\"@id\":\"https:\/\/www.marani.pl\/targi-wetex-dubai-and-dubai-solar-show-2023\/#primaryimage\"},\"thumbnailUrl\":\"https:\/\/www.marani.pl\/wp-content\/uploads\/2024\/01\/IMG-20231117-WA0049.jpg\",\"datePublished\":\"2023-11-21T16:06:10+00:00\",\"dateModified\":\"2024-01-11T16:07:47+00:00\",\"breadcrumb\":{\"@id\":\"https:\/\/www.marani.pl\/targi-wetex-dubai-and-dubai-solar-show-2023\/#breadcrumb\"},\"inLanguage\":\"en-GB\",\"potentialAction\":[{\"@type\":\"ReadAction\",\"target\":[\"https:\/\/www.marani.pl\/targi-wetex-dubai-and-dubai-solar-show-2023\/\"]}]},{\"@type\":\"ImageObject\",\"inLanguage\":\"en-GB\",\"@id\":\"https:\/\/www.marani.pl\/targi-wetex-dubai-and-dubai-solar-show-2023\/#primaryimage\",\"url\":\"https:\/\/www.marani.pl\/wp-content\/uploads\/2024\/01\/IMG-20231117-WA0049.jpg\",\"contentUrl\":\"https:\/\/www.marani.pl\/wp-content\/uploads\/2024\/01\/IMG-20231117-WA0049.jpg\",\"width\":723,\"height\":742},{\"@type\":\"BreadcrumbList\",\"@id\":\"https:\/\/www.marani.pl\/targi-wetex-dubai-and-dubai-solar-show-2023\/#breadcrumb\",\"itemListElement\":[{\"@type\":\"ListItem\",\"position\":1,\"name\":\"Strona g\u0142\u00f3wna\",\"item\":\"https:\/\/www.marani.pl\/\"},{\"@type\":\"ListItem\",\"position\":2,\"name\":\"Targi\u00a0Wetex Dubai\u00a0and Dubai Solar Show 2023\"}]},{\"@type\":\"WebSite\",\"@id\":\"https:\/\/www.marani.pl\/#website\",\"url\":\"https:\/\/www.marani.pl\/\",\"name\":\"\",\"description\":\"\",\"publisher\":{\"@id\":\"https:\/\/www.marani.pl\/#organization\"},\"potentialAction\":[{\"@type\":\"SearchAction\",\"target\":{\"@type\":\"EntryPoint\",\"urlTemplate\":\"https:\/\/www.marani.pl\/?s={search_term_string}\"},\"query-input\":{\"@type\":\"PropertyValueSpecification\",\"valueRequired\":true,\"valueName\":\"search_term_string\"}}],\"inLanguage\":\"en-GB\"},{\"@type\":\"Organization\",\"@id\":\"https:\/\/www.marani.pl\/#organization\",\"name\":\"Marani Sp. z o.o.\",\"url\":\"https:\/\/www.marani.pl\/\",\"logo\":{\"@type\":\"ImageObject\",\"inLanguage\":\"en-GB\",\"@id\":\"https:\/\/www.marani.pl\/#\/schema\/logo\/image\/\",\"url\":\"https:\/\/www.marani.pl\/wp-content\/uploads\/2024\/01\/mm4-1-1.jpg\",\"contentUrl\":\"https:\/\/www.marani.pl\/wp-content\/uploads\/2024\/01\/mm4-1-1.jpg\",\"width\":1200,\"height\":897,\"caption\":\"Marani Sp. z o.o.\"},\"image\":{\"@id\":\"https:\/\/www.marani.pl\/#\/schema\/logo\/image\/\"},\"sameAs\":[\"https:\/\/www.facebook.com\/MaraniCompressedAir\"]},{\"@type\":\"Person\",\"@id\":\"https:\/\/www.marani.pl\/#\/schema\/person\/22ff6539bc8a75fb72262895a86009cc\",\"name\":\"admin\",\"image\":{\"@type\":\"ImageObject\",\"inLanguage\":\"en-GB\",\"@id\":\"https:\/\/www.marani.pl\/#\/schema\/person\/image\/\",\"url\":\"https:\/\/secure.gravatar.com\/avatar\/60a8cad58673016d20a75261c088f8c4571f67273d9b1beede35a80a1e9d7431?s=96&d=mm&r=g\",\"contentUrl\":\"https:\/\/secure.gravatar.com\/avatar\/60a8cad58673016d20a75261c088f8c4571f67273d9b1beede35a80a1e9d7431?s=96&d=mm&r=g\",\"caption\":\"admin\"},\"sameAs\":[\"http:\/\/pl.marani.pl\"],\"url\":\"https:\/\/www.marani.pl\/en\/author\/admin\/\"}]}<\/script>\n<!-- \/ Yoast SEO plugin. -->","yoast_head_json":{"title":"Targi\u00a0Wetex Dubai\u00a0and Dubai Solar Show 2023 -","robots":{"index":"index","follow":"follow","max-snippet":"max-snippet:-1","max-image-preview":"max-image-preview:large","max-video-preview":"max-video-preview:-1"},"canonical":"https:\/\/www.marani.pl\/en\/targi-wetex-dubai-and-dubai-solar-show-2023\/","og_locale":"en_GB","og_type":"article","og_title":"Targi\u00a0Wetex Dubai\u00a0and Dubai Solar Show 2023 -","og_description":"Firma MARANI Sp. z o. o. mia\u0142a przyjemno\u015b\u0107 uczestniczy\u0107 w jednym z najbardziej presti\u017cowych wydarze\u0144 w dziedzinie zr\u00f3wnowa\u017conego rozwoju i [&hellip;]","og_url":"https:\/\/www.marani.pl\/en\/targi-wetex-dubai-and-dubai-solar-show-2023\/","article_publisher":"https:\/\/www.facebook.com\/MaraniCompressedAir","article_published_time":"2023-11-21T16:06:10+00:00","article_modified_time":"2024-01-11T16:07:47+00:00","og_image":[{"width":723,"height":742,"url":"https:\/\/www.marani.pl\/wp-content\/uploads\/2024\/01\/IMG-20231117-WA0049.jpg","type":"image\/jpeg"}],"author":"admin","schema":{"@context":"https:\/\/schema.org","@graph":[{"@type":"Article","@id":"https:\/\/www.marani.pl\/targi-wetex-dubai-and-dubai-solar-show-2023\/#article","isPartOf":{"@id":"https:\/\/www.marani.pl\/targi-wetex-dubai-and-dubai-solar-show-2023\/"},"author":{"name":"admin","@id":"https:\/\/www.marani.pl\/#\/schema\/person\/22ff6539bc8a75fb72262895a86009cc"},"headline":"Targi\u00a0Wetex Dubai\u00a0and Dubai Solar Show 2023","datePublished":"2023-11-21T16:06:10+00:00","dateModified":"2024-01-11T16:07:47+00:00","mainEntityOfPage":{"@id":"https:\/\/www.marani.pl\/targi-wetex-dubai-and-dubai-solar-show-2023\/"},"wordCount":187,"publisher":{"@id":"https:\/\/www.marani.pl\/#organization"},"image":{"@id":"https:\/\/www.marani.pl\/targi-wetex-dubai-and-dubai-solar-show-2023\/#primaryimage"},"thumbnailUrl":"https:\/\/www.marani.pl\/wp-content\/uploads\/2024\/01\/IMG-20231117-WA0049.jpg","articleSection":["Aktualno\u015bci"],"inLanguage":"en-GB"},{"@type":"WebPage","@id":"https:\/\/www.marani.pl\/targi-wetex-dubai-and-dubai-solar-show-2023\/","url":"https:\/\/www.marani.pl\/targi-wetex-dubai-and-dubai-solar-show-2023\/","name":"Targi\u00a0Wetex Dubai\u00a0and Dubai Solar Show 2023 -","isPartOf":{"@id":"https:\/\/www.marani.pl\/#website"},"primaryImageOfPage":{"@id":"https:\/\/www.marani.pl\/targi-wetex-dubai-and-dubai-solar-show-2023\/#primaryimage"},"image":{"@id":"https:\/\/www.marani.pl\/targi-wetex-dubai-and-dubai-solar-show-2023\/#primaryimage"},"thumbnailUrl":"https:\/\/www.marani.pl\/wp-content\/uploads\/2024\/01\/IMG-20231117-WA0049.jpg","datePublished":"2023-11-21T16:06:10+00:00","dateModified":"2024-01-11T16:07:47+00:00","breadcrumb":{"@id":"https:\/\/www.marani.pl\/targi-wetex-dubai-and-dubai-solar-show-2023\/#breadcrumb"},"inLanguage":"en-GB","potentialAction":[{"@type":"ReadAction","target":["https:\/\/www.marani.pl\/targi-wetex-dubai-and-dubai-solar-show-2023\/"]}]},{"@type":"ImageObject","inLanguage":"en-GB","@id":"https:\/\/www.marani.pl\/targi-wetex-dubai-and-dubai-solar-show-2023\/#primaryimage","url":"https:\/\/www.marani.pl\/wp-content\/uploads\/2024\/01\/IMG-20231117-WA0049.jpg","contentUrl":"https:\/\/www.marani.pl\/wp-content\/uploads\/2024\/01\/IMG-20231117-WA0049.jpg","width":723,"height":742},{"@type":"BreadcrumbList","@id":"https:\/\/www.marani.pl\/targi-wetex-dubai-and-dubai-solar-show-2023\/#breadcrumb","itemListElement":[{"@type":"ListItem","position":1,"name":"Strona g\u0142\u00f3wna","item":"https:\/\/www.marani.pl\/"},{"@type":"ListItem","position":2,"name":"Targi\u00a0Wetex Dubai\u00a0and Dubai Solar Show 2023"}]},{"@type":"WebSite","@id":"https:\/\/www.marani.pl\/#website","url":"https:\/\/www.marani.pl\/","name":"","description":"","publisher":{"@id":"https:\/\/www.marani.pl\/#organization"},"potentialAction":[{"@type":"SearchAction","target":{"@type":"EntryPoint","urlTemplate":"https:\/\/www.marani.pl\/?s={search_term_string}"},"query-input":{"@type":"PropertyValueSpecification","valueRequired":true,"valueName":"search_term_string"}}],"inLanguage":"en-GB"},{"@type":"Organization","@id":"https:\/\/www.marani.pl\/#organization","name":"Marani Sp. z o.o.","url":"https:\/\/www.marani.pl\/","logo":{"@type":"ImageObject","inLanguage":"en-GB","@id":"https:\/\/www.marani.pl\/#\/schema\/logo\/image\/","url":"https:\/\/www.marani.pl\/wp-content\/uploads\/2024\/01\/mm4-1-1.jpg","contentUrl":"https:\/\/www.marani.pl\/wp-content\/uploads\/2024\/01\/mm4-1-1.jpg","width":1200,"height":897,"caption":"Marani Sp. z o.o."},"image":{"@id":"https:\/\/www.marani.pl\/#\/schema\/logo\/image\/"},"sameAs":["https:\/\/www.facebook.com\/MaraniCompressedAir"]},{"@type":"Person","@id":"https:\/\/www.marani.pl\/#\/schema\/person\/22ff6539bc8a75fb72262895a86009cc","name":"admin","image":{"@type":"ImageObject","inLanguage":"en-GB","@id":"https:\/\/www.marani.pl\/#\/schema\/person\/image\/","url":"https:\/\/secure.gravatar.com\/avatar\/60a8cad58673016d20a75261c088f8c4571f67273d9b1beede35a80a1e9d7431?s=96&d=mm&r=g","contentUrl":"https:\/\/secure.gravatar.com\/avatar\/60a8cad58673016d20a75261c088f8c4571f67273d9b1beede35a80a1e9d7431?s=96&d=mm&r=g","caption":"admin"},"sameAs":["http:\/\/pl.marani.pl"],"url":"https:\/\/www.marani.pl\/en\/author\/admin\/"}]}},"_links":{"self":[{"href":"https:\/\/www.marani.pl\/en\/wp-json\/wp\/v2\/posts\/181","targetHints":{"allow":["GET"]}}],"collection":[{"href":"https:\/\/www.marani.pl\/en\/wp-json\/wp\/v2\/posts"}],"about":[{"href":"https:\/\/www.marani.pl\/en\/wp-json\/wp\/v2\/types\/post"}],"author":[{"embeddable":true,"href":"https:\/\/www.marani.pl\/en\/wp-json\/wp\/v2\/users\/1"}],"replies":[{"embeddable":true,"href":"https:\/\/www.marani.pl\/en\/wp-json\/wp\/v2\/comments?post=181"}],"version-history":[{"count":1,"href":"https:\/\/www.marani.pl\/en\/wp-json\/wp\/v2\/posts\/181\/revisions"}],"predecessor-version":[{"id":184,"href":"https:\/\/www.marani.pl\/en\/wp-json\/wp\/v2\/posts\/181\/revisions\/184"}],"wp:featuredmedia":[{"embeddable":true,"href":"https:\/\/www.marani.pl\/en\/wp-json\/wp\/v2\/media\/182"}],"wp:attachment":[{"href":"https:\/\/www.marani.pl\/en\/wp-json\/wp\/v2\/media?parent=181"}],"wp:term":[{"taxonomy":"category","embeddable":true,"href":"https:\/\/www.marani.pl\/en\/wp-json\/wp\/v2\/categories?post=181"},{"taxonomy":"post_tag","embeddable":true,"href":"https:\/\/www.marani.pl\/en\/wp-json\/wp\/v2\/tags?post=181"}],"curies":[{"name":"wp","href":"https:\/\/api.w.org\/{rel}","templated":true}]}}