{"id":2981,"date":"2025-02-04T14:24:11","date_gmt":"2025-02-04T13:24:11","guid":{"rendered":"https:\/\/www.marani.pl\/?p=2981"},"modified":"2025-02-04T14:24:12","modified_gmt":"2025-02-04T13:24:12","slug":"marani-otwiera-nowy-oddzial-w-strzyzowie","status":"publish","type":"post","link":"https:\/\/www.marani.pl\/en\/marani-otwiera-nowy-oddzial-w-strzyzowie\/","title":{"rendered":"Marani opens new branch in Strzy\u017c\u00f3w"},"content":{"rendered":"<p>We are delighted to announce the opening of our new branch in Strzy\u017c\u00f3w!  This is an important moment for us, which means growth, new opportunities and even better contact with our customers.<\/p>\n\n\n\n<p><strong>Welcome to the new staff!<\/strong><br>We are proud to have exceptional professionals joining our team to build on Marani's success in the new location. <\/p>\n\n\n\n<p>Thank you all for your support and trust! See you in Strzy\u017c\u00f3w! <\/p>\n\n\n\n<figure class=\"wp-block-image size-full is-resized\"><img fetchpriority=\"high\" decoding=\"async\" width=\"1080\" height=\"1080\" src=\"https:\/\/www.marani.pl\/wp-content\/uploads\/2025\/02\/marani-oddzial_mapa.png\" alt=\"\" class=\"wp-image-2982\" style=\"width:463px;height:auto\" srcset=\"https:\/\/www.marani.pl\/wp-content\/uploads\/2025\/02\/marani-oddzial_mapa.png 1080w, https:\/\/www.marani.pl\/wp-content\/uploads\/2025\/02\/marani-oddzial_mapa-300x300.png 300w, https:\/\/www.marani.pl\/wp-content\/uploads\/2025\/02\/marani-oddzial_mapa-1024x1024.png 1024w, https:\/\/www.marani.pl\/wp-content\/uploads\/2025\/02\/marani-oddzial_mapa-150x150.png 150w, https:\/\/www.marani.pl\/wp-content\/uploads\/2025\/02\/marani-oddzial_mapa-768x768.png 768w, https:\/\/www.marani.pl\/wp-content\/uploads\/2025\/02\/marani-oddzial_mapa-12x12.png 12w\" sizes=\"(max-width: 1080px) 100vw, 1080px\" \/><\/figure>","protected":false},"excerpt":{"rendered":"<p>We are very happy to announce the opening of our new branch in Strzy\u017c\u00f3w! This is an important moment for us, which means growth, new opportunities [...]<\/p>","protected":false},"author":1,"featured_media":2982,"comment_status":"closed","ping_status":"open","sticky":false,"template":"","format":"standard","meta":{"site-sidebar-layout":"default","site-content-layout":"","ast-site-content-layout":"","site-content-style":"default","site-sidebar-style":"default","ast-global-header-display":"","ast-banner-title-visibility":"","ast-main-header-display":"","ast-hfb-above-header-display":"","ast-hfb-below-header-display":"","ast-hfb-mobile-header-display":"","site-post-title":"","ast-breadcrumbs-content":"","ast-featured-img":"","footer-sml-layout":"","theme-transparent-header-meta":"","adv-header-id-meta":"","stick-header-meta":"","header-above-stick-meta":"","header-main-stick-meta":"","header-below-stick-meta":"","astra-migrate-meta-layouts":"default","ast-page-background-enabled":"default","ast-page-background-meta":{"desktop":{"background-color":"var(--ast-global-color-4)","background-image":"","background-repeat":"repeat","background-position":"center center","background-size":"auto","background-attachment":"scroll","background-type":"","background-media":"","overlay-type":"","overlay-color":"","overlay-gradient":""},"tablet":{"background-color":"","background-image":"","background-repeat":"repeat","background-position":"center center","background-size":"auto","background-attachment":"scroll","background-type":"","background-media":"","overlay-type":"","overlay-color":"","overlay-gradient":""},"mobile":{"background-color":"","background-image":"","background-repeat":"repeat","background-position":"center center","background-size":"auto","background-attachment":"scroll","background-type":"","background-media":"","overlay-type":"","overlay-color":"","overlay-gradient":""}},"ast-content-background-meta":{"desktop":{"background-color":"var(--ast-global-color-5)","background-image":"","background-repeat":"repeat","background-position":"center center","background-size":"auto","background-attachment":"scroll","background-type":"","background-media":"","overlay-type":"","overlay-color":"","overlay-gradient":""},"tablet":{"background-color":"var(--ast-global-color-5)","background-image":"","background-repeat":"repeat","background-position":"center center","background-size":"auto","background-attachment":"scroll","background-type":"","background-media":"","overlay-type":"","overlay-color":"","overlay-gradient":""},"mobile":{"background-color":"var(--ast-global-color-5)","background-image":"","background-repeat":"repeat","background-position":"center center","background-size":"auto","background-attachment":"scroll","background-type":"","background-media":"","overlay-type":"","overlay-color":"","overlay-gradient":""}},"footnotes":""},"categories":[1],"tags":[],"class_list":["post-2981","post","type-post","status-publish","format-standard","has-post-thumbnail","hentry","category-aktualnosci"],"yoast_head":"<!-- This site is optimized with the Yoast SEO plugin v26.7 - https:\/\/yoast.com\/wordpress\/plugins\/seo\/ -->\n<title>Marani otwiera nowy oddzia\u0142 w Strzy\u017cowie -<\/title>\n<meta name=\"robots\" content=\"index, follow, max-snippet:-1, max-image-preview:large, max-video-preview:-1\" \/>\n<link rel=\"canonical\" href=\"https:\/\/www.marani.pl\/en\/marani-otwiera-nowy-oddzial-w-strzyzowie\/\" \/>\n<meta property=\"og:locale\" content=\"en_GB\" \/>\n<meta property=\"og:type\" content=\"article\" \/>\n<meta property=\"og:title\" content=\"Marani otwiera nowy oddzia\u0142 w Strzy\u017cowie -\" \/>\n<meta property=\"og:description\" content=\"Z ogromn\u0105 rado\u015bci\u0105 og\u0142aszamy otwarcie naszego nowego oddzia\u0142u w Strzy\u017cowie! To dla nas wa\u017cny moment, kt\u00f3ry oznacza rozw\u00f3j, nowe mo\u017cliwo\u015bci [&hellip;]\" \/>\n<meta property=\"og:url\" content=\"https:\/\/www.marani.pl\/en\/marani-otwiera-nowy-oddzial-w-strzyzowie\/\" \/>\n<meta property=\"article:publisher\" content=\"https:\/\/www.facebook.com\/MaraniCompressedAir\" \/>\n<meta property=\"article:published_time\" content=\"2025-02-04T13:24:11+00:00\" \/>\n<meta property=\"article:modified_time\" content=\"2025-02-04T13:24:12+00:00\" \/>\n<meta property=\"og:image\" content=\"https:\/\/www.marani.pl\/wp-content\/uploads\/2025\/02\/marani-oddzial_mapa.png\" \/>\n\t<meta property=\"og:image:width\" content=\"1080\" \/>\n\t<meta property=\"og:image:height\" content=\"1080\" \/>\n\t<meta property=\"og:image:type\" content=\"image\/png\" \/>\n<meta name=\"author\" content=\"admin\" \/>\n<script type=\"application\/ld+json\" class=\"yoast-schema-graph\">{\"@context\":\"https:\/\/schema.org\",\"@graph\":[{\"@type\":\"Article\",\"@id\":\"https:\/\/www.marani.pl\/marani-otwiera-nowy-oddzial-w-strzyzowie\/#article\",\"isPartOf\":{\"@id\":\"https:\/\/www.marani.pl\/marani-otwiera-nowy-oddzial-w-strzyzowie\/\"},\"author\":{\"name\":\"admin\",\"@id\":\"https:\/\/www.marani.pl\/#\/schema\/person\/22ff6539bc8a75fb72262895a86009cc\"},\"headline\":\"Marani otwiera nowy oddzia\u0142 w Strzy\u017cowie\",\"datePublished\":\"2025-02-04T13:24:11+00:00\",\"dateModified\":\"2025-02-04T13:24:12+00:00\",\"mainEntityOfPage\":{\"@id\":\"https:\/\/www.marani.pl\/marani-otwiera-nowy-oddzial-w-strzyzowie\/\"},\"wordCount\":82,\"publisher\":{\"@id\":\"https:\/\/www.marani.pl\/#organization\"},\"image\":{\"@id\":\"https:\/\/www.marani.pl\/marani-otwiera-nowy-oddzial-w-strzyzowie\/#primaryimage\"},\"thumbnailUrl\":\"https:\/\/www.marani.pl\/wp-content\/uploads\/2025\/02\/marani-oddzial_mapa.png\",\"articleSection\":[\"Aktualno\u015bci\"],\"inLanguage\":\"en-GB\"},{\"@type\":\"WebPage\",\"@id\":\"https:\/\/www.marani.pl\/marani-otwiera-nowy-oddzial-w-strzyzowie\/\",\"url\":\"https:\/\/www.marani.pl\/marani-otwiera-nowy-oddzial-w-strzyzowie\/\",\"name\":\"Marani otwiera nowy oddzia\u0142 w Strzy\u017cowie -\",\"isPartOf\":{\"@id\":\"https:\/\/www.marani.pl\/#website\"},\"primaryImageOfPage\":{\"@id\":\"https:\/\/www.marani.pl\/marani-otwiera-nowy-oddzial-w-strzyzowie\/#primaryimage\"},\"image\":{\"@id\":\"https:\/\/www.marani.pl\/marani-otwiera-nowy-oddzial-w-strzyzowie\/#primaryimage\"},\"thumbnailUrl\":\"https:\/\/www.marani.pl\/wp-content\/uploads\/2025\/02\/marani-oddzial_mapa.png\",\"datePublished\":\"2025-02-04T13:24:11+00:00\",\"dateModified\":\"2025-02-04T13:24:12+00:00\",\"breadcrumb\":{\"@id\":\"https:\/\/www.marani.pl\/marani-otwiera-nowy-oddzial-w-strzyzowie\/#breadcrumb\"},\"inLanguage\":\"en-GB\",\"potentialAction\":[{\"@type\":\"ReadAction\",\"target\":[\"https:\/\/www.marani.pl\/marani-otwiera-nowy-oddzial-w-strzyzowie\/\"]}]},{\"@type\":\"ImageObject\",\"inLanguage\":\"en-GB\",\"@id\":\"https:\/\/www.marani.pl\/marani-otwiera-nowy-oddzial-w-strzyzowie\/#primaryimage\",\"url\":\"https:\/\/www.marani.pl\/wp-content\/uploads\/2025\/02\/marani-oddzial_mapa.png\",\"contentUrl\":\"https:\/\/www.marani.pl\/wp-content\/uploads\/2025\/02\/marani-oddzial_mapa.png\",\"width\":1080,\"height\":1080},{\"@type\":\"BreadcrumbList\",\"@id\":\"https:\/\/www.marani.pl\/marani-otwiera-nowy-oddzial-w-strzyzowie\/#breadcrumb\",\"itemListElement\":[{\"@type\":\"ListItem\",\"position\":1,\"name\":\"Strona g\u0142\u00f3wna\",\"item\":\"https:\/\/www.marani.pl\/\"},{\"@type\":\"ListItem\",\"position\":2,\"name\":\"Marani otwiera nowy oddzia\u0142 w Strzy\u017cowie\"}]},{\"@type\":\"WebSite\",\"@id\":\"https:\/\/www.marani.pl\/#website\",\"url\":\"https:\/\/www.marani.pl\/\",\"name\":\"\",\"description\":\"\",\"publisher\":{\"@id\":\"https:\/\/www.marani.pl\/#organization\"},\"potentialAction\":[{\"@type\":\"SearchAction\",\"target\":{\"@type\":\"EntryPoint\",\"urlTemplate\":\"https:\/\/www.marani.pl\/?s={search_term_string}\"},\"query-input\":{\"@type\":\"PropertyValueSpecification\",\"valueRequired\":true,\"valueName\":\"search_term_string\"}}],\"inLanguage\":\"en-GB\"},{\"@type\":\"Organization\",\"@id\":\"https:\/\/www.marani.pl\/#organization\",\"name\":\"Marani Sp. z o.o.\",\"url\":\"https:\/\/www.marani.pl\/\",\"logo\":{\"@type\":\"ImageObject\",\"inLanguage\":\"en-GB\",\"@id\":\"https:\/\/www.marani.pl\/#\/schema\/logo\/image\/\",\"url\":\"https:\/\/www.marani.pl\/wp-content\/uploads\/2024\/01\/mm4-1-1.jpg\",\"contentUrl\":\"https:\/\/www.marani.pl\/wp-content\/uploads\/2024\/01\/mm4-1-1.jpg\",\"width\":1200,\"height\":897,\"caption\":\"Marani Sp. z o.o.\"},\"image\":{\"@id\":\"https:\/\/www.marani.pl\/#\/schema\/logo\/image\/\"},\"sameAs\":[\"https:\/\/www.facebook.com\/MaraniCompressedAir\"]},{\"@type\":\"Person\",\"@id\":\"https:\/\/www.marani.pl\/#\/schema\/person\/22ff6539bc8a75fb72262895a86009cc\",\"name\":\"admin\",\"image\":{\"@type\":\"ImageObject\",\"inLanguage\":\"en-GB\",\"@id\":\"https:\/\/www.marani.pl\/#\/schema\/person\/image\/\",\"url\":\"https:\/\/secure.gravatar.com\/avatar\/60a8cad58673016d20a75261c088f8c4571f67273d9b1beede35a80a1e9d7431?s=96&d=mm&r=g\",\"contentUrl\":\"https:\/\/secure.gravatar.com\/avatar\/60a8cad58673016d20a75261c088f8c4571f67273d9b1beede35a80a1e9d7431?s=96&d=mm&r=g\",\"caption\":\"admin\"},\"sameAs\":[\"http:\/\/pl.marani.pl\"],\"url\":\"https:\/\/www.marani.pl\/en\/author\/admin\/\"}]}<\/script>\n<!-- \/ Yoast SEO plugin. -->","yoast_head_json":{"title":"Marani otwiera nowy oddzia\u0142 w Strzy\u017cowie -","robots":{"index":"index","follow":"follow","max-snippet":"max-snippet:-1","max-image-preview":"max-image-preview:large","max-video-preview":"max-video-preview:-1"},"canonical":"https:\/\/www.marani.pl\/en\/marani-otwiera-nowy-oddzial-w-strzyzowie\/","og_locale":"en_GB","og_type":"article","og_title":"Marani otwiera nowy oddzia\u0142 w Strzy\u017cowie -","og_description":"Z ogromn\u0105 rado\u015bci\u0105 og\u0142aszamy otwarcie naszego nowego oddzia\u0142u w Strzy\u017cowie! To dla nas wa\u017cny moment, kt\u00f3ry oznacza rozw\u00f3j, nowe mo\u017cliwo\u015bci [&hellip;]","og_url":"https:\/\/www.marani.pl\/en\/marani-otwiera-nowy-oddzial-w-strzyzowie\/","article_publisher":"https:\/\/www.facebook.com\/MaraniCompressedAir","article_published_time":"2025-02-04T13:24:11+00:00","article_modified_time":"2025-02-04T13:24:12+00:00","og_image":[{"width":1080,"height":1080,"url":"https:\/\/www.marani.pl\/wp-content\/uploads\/2025\/02\/marani-oddzial_mapa.png","type":"image\/png"}],"author":"admin","schema":{"@context":"https:\/\/schema.org","@graph":[{"@type":"Article","@id":"https:\/\/www.marani.pl\/marani-otwiera-nowy-oddzial-w-strzyzowie\/#article","isPartOf":{"@id":"https:\/\/www.marani.pl\/marani-otwiera-nowy-oddzial-w-strzyzowie\/"},"author":{"name":"admin","@id":"https:\/\/www.marani.pl\/#\/schema\/person\/22ff6539bc8a75fb72262895a86009cc"},"headline":"Marani otwiera nowy oddzia\u0142 w Strzy\u017cowie","datePublished":"2025-02-04T13:24:11+00:00","dateModified":"2025-02-04T13:24:12+00:00","mainEntityOfPage":{"@id":"https:\/\/www.marani.pl\/marani-otwiera-nowy-oddzial-w-strzyzowie\/"},"wordCount":82,"publisher":{"@id":"https:\/\/www.marani.pl\/#organization"},"image":{"@id":"https:\/\/www.marani.pl\/marani-otwiera-nowy-oddzial-w-strzyzowie\/#primaryimage"},"thumbnailUrl":"https:\/\/www.marani.pl\/wp-content\/uploads\/2025\/02\/marani-oddzial_mapa.png","articleSection":["Aktualno\u015bci"],"inLanguage":"en-GB"},{"@type":"WebPage","@id":"https:\/\/www.marani.pl\/marani-otwiera-nowy-oddzial-w-strzyzowie\/","url":"https:\/\/www.marani.pl\/marani-otwiera-nowy-oddzial-w-strzyzowie\/","name":"Marani otwiera nowy oddzia\u0142 w Strzy\u017cowie -","isPartOf":{"@id":"https:\/\/www.marani.pl\/#website"},"primaryImageOfPage":{"@id":"https:\/\/www.marani.pl\/marani-otwiera-nowy-oddzial-w-strzyzowie\/#primaryimage"},"image":{"@id":"https:\/\/www.marani.pl\/marani-otwiera-nowy-oddzial-w-strzyzowie\/#primaryimage"},"thumbnailUrl":"https:\/\/www.marani.pl\/wp-content\/uploads\/2025\/02\/marani-oddzial_mapa.png","datePublished":"2025-02-04T13:24:11+00:00","dateModified":"2025-02-04T13:24:12+00:00","breadcrumb":{"@id":"https:\/\/www.marani.pl\/marani-otwiera-nowy-oddzial-w-strzyzowie\/#breadcrumb"},"inLanguage":"en-GB","potentialAction":[{"@type":"ReadAction","target":["https:\/\/www.marani.pl\/marani-otwiera-nowy-oddzial-w-strzyzowie\/"]}]},{"@type":"ImageObject","inLanguage":"en-GB","@id":"https:\/\/www.marani.pl\/marani-otwiera-nowy-oddzial-w-strzyzowie\/#primaryimage","url":"https:\/\/www.marani.pl\/wp-content\/uploads\/2025\/02\/marani-oddzial_mapa.png","contentUrl":"https:\/\/www.marani.pl\/wp-content\/uploads\/2025\/02\/marani-oddzial_mapa.png","width":1080,"height":1080},{"@type":"BreadcrumbList","@id":"https:\/\/www.marani.pl\/marani-otwiera-nowy-oddzial-w-strzyzowie\/#breadcrumb","itemListElement":[{"@type":"ListItem","position":1,"name":"Strona g\u0142\u00f3wna","item":"https:\/\/www.marani.pl\/"},{"@type":"ListItem","position":2,"name":"Marani otwiera nowy oddzia\u0142 w Strzy\u017cowie"}]},{"@type":"WebSite","@id":"https:\/\/www.marani.pl\/#website","url":"https:\/\/www.marani.pl\/","name":"","description":"","publisher":{"@id":"https:\/\/www.marani.pl\/#organization"},"potentialAction":[{"@type":"SearchAction","target":{"@type":"EntryPoint","urlTemplate":"https:\/\/www.marani.pl\/?s={search_term_string}"},"query-input":{"@type":"PropertyValueSpecification","valueRequired":true,"valueName":"search_term_string"}}],"inLanguage":"en-GB"},{"@type":"Organization","@id":"https:\/\/www.marani.pl\/#organization","name":"Marani Sp. z o.o.","url":"https:\/\/www.marani.pl\/","logo":{"@type":"ImageObject","inLanguage":"en-GB","@id":"https:\/\/www.marani.pl\/#\/schema\/logo\/image\/","url":"https:\/\/www.marani.pl\/wp-content\/uploads\/2024\/01\/mm4-1-1.jpg","contentUrl":"https:\/\/www.marani.pl\/wp-content\/uploads\/2024\/01\/mm4-1-1.jpg","width":1200,"height":897,"caption":"Marani Sp. z o.o."},"image":{"@id":"https:\/\/www.marani.pl\/#\/schema\/logo\/image\/"},"sameAs":["https:\/\/www.facebook.com\/MaraniCompressedAir"]},{"@type":"Person","@id":"https:\/\/www.marani.pl\/#\/schema\/person\/22ff6539bc8a75fb72262895a86009cc","name":"admin","image":{"@type":"ImageObject","inLanguage":"en-GB","@id":"https:\/\/www.marani.pl\/#\/schema\/person\/image\/","url":"https:\/\/secure.gravatar.com\/avatar\/60a8cad58673016d20a75261c088f8c4571f67273d9b1beede35a80a1e9d7431?s=96&d=mm&r=g","contentUrl":"https:\/\/secure.gravatar.com\/avatar\/60a8cad58673016d20a75261c088f8c4571f67273d9b1beede35a80a1e9d7431?s=96&d=mm&r=g","caption":"admin"},"sameAs":["http:\/\/pl.marani.pl"],"url":"https:\/\/www.marani.pl\/en\/author\/admin\/"}]}},"_links":{"self":[{"href":"https:\/\/www.marani.pl\/en\/wp-json\/wp\/v2\/posts\/2981","targetHints":{"allow":["GET"]}}],"collection":[{"href":"https:\/\/www.marani.pl\/en\/wp-json\/wp\/v2\/posts"}],"about":[{"href":"https:\/\/www.marani.pl\/en\/wp-json\/wp\/v2\/types\/post"}],"author":[{"embeddable":true,"href":"https:\/\/www.marani.pl\/en\/wp-json\/wp\/v2\/users\/1"}],"replies":[{"embeddable":true,"href":"https:\/\/www.marani.pl\/en\/wp-json\/wp\/v2\/comments?post=2981"}],"version-history":[{"count":1,"href":"https:\/\/www.marani.pl\/en\/wp-json\/wp\/v2\/posts\/2981\/revisions"}],"predecessor-version":[{"id":2983,"href":"https:\/\/www.marani.pl\/en\/wp-json\/wp\/v2\/posts\/2981\/revisions\/2983"}],"wp:featuredmedia":[{"embeddable":true,"href":"https:\/\/www.marani.pl\/en\/wp-json\/wp\/v2\/media\/2982"}],"wp:attachment":[{"href":"https:\/\/www.marani.pl\/en\/wp-json\/wp\/v2\/media?parent=2981"}],"wp:term":[{"taxonomy":"category","embeddable":true,"href":"https:\/\/www.marani.pl\/en\/wp-json\/wp\/v2\/categories?post=2981"},{"taxonomy":"post_tag","embeddable":true,"href":"https:\/\/www.marani.pl\/en\/wp-json\/wp\/v2\/tags?post=2981"}],"curies":[{"name":"wp","href":"https:\/\/api.w.org\/{rel}","templated":true}]}}