{"id":3084,"date":"2025-02-17T08:45:38","date_gmt":"2025-02-17T07:45:38","guid":{"rendered":"https:\/\/www.marani.pl\/?p=3084"},"modified":"2025-02-17T09:12:47","modified_gmt":"2025-02-17T08:12:47","slug":"nagroda-mon-dla-pracownika-marani-sp-z-o-o-za-prace-o-cyberbezpieczenstwie","status":"publish","type":"post","link":"https:\/\/www.marani.pl\/en\/nagroda-mon-dla-pracownika-marani-sp-z-o-o-za-prace-o-cyberbezpieczenstwie\/","title":{"rendered":"Ministry of Defence award for Marani Sp. z o.o. employee for work on cyber security"},"content":{"rendered":"<p>Mr Daniel Kotarski, an employee of Marani Sp. z o.o., won first place in the competition of the Minister of National Defence for the Marian Rejewski Award. <\/p>\n\n\n\n<p>His master's thesis entitled. \"Analysis of the effectiveness of network attack detection using deep learning methods\", written under the supervision of Dr Agnieszka Jak\u00f3bik at the Cracow University of Technology, was recognised as the best scientific paper on cyber security and cryptology out of 50 finalist master's and doctoral theses. The awarded thesis concerns the use of deep neural networks in the detection of network attacks - one of the key artificial intelligence technologies in the area of cyber security<\/p>\n\n\n\n<p>You can read more about the award here:<\/p>\n\n\n\n<p><a href=\"https:\/\/www.pk.edu.pl\/index.php?option=com_content&amp;view=article&amp;id=5716:nasz-absolwent-z-nagroda-za-badania-nad-wykrywaniem-atakow-w-cyberprzestrzeni&amp;catid=49&amp;lang=pl&amp;Itemid=1152\" target=\"_blank\" rel=\"noreferrer noopener nofollow\">https:\/\/www.pk.edu.pl<\/a><br><a href=\"https:\/\/www.cyber.mil.pl\/articles\/aktualnosci-y\/2025-02-12n-vi-edycja-konkursu-ministra-obrony-narodowej-o-nagrode-im-mariana-rejewskiego\/\" target=\"_blank\" rel=\"noreferrer noopener nofollow\">https:\/\/www.cyber.mil.pl<\/a><\/p>\n\n\n\n<figure class=\"wp-block-image size-full\"><img fetchpriority=\"high\" decoding=\"async\" width=\"1200\" height=\"750\" src=\"https:\/\/www.marani.pl\/wp-content\/uploads\/2025\/02\/bdsc09757.jpg\" alt=\"\" class=\"wp-image-3093\" srcset=\"https:\/\/www.marani.pl\/wp-content\/uploads\/2025\/02\/bdsc09757.jpg 1200w, https:\/\/www.marani.pl\/wp-content\/uploads\/2025\/02\/bdsc09757-300x188.jpg 300w, https:\/\/www.marani.pl\/wp-content\/uploads\/2025\/02\/bdsc09757-1024x640.jpg 1024w, https:\/\/www.marani.pl\/wp-content\/uploads\/2025\/02\/bdsc09757-768x480.jpg 768w, https:\/\/www.marani.pl\/wp-content\/uploads\/2025\/02\/bdsc09757-18x12.jpg 18w\" sizes=\"(max-width: 1200px) 100vw, 1200px\" \/><\/figure>\n\n\n\n<figure class=\"wp-block-image size-full\"><img decoding=\"async\" width=\"1200\" height=\"900\" src=\"https:\/\/www.marani.pl\/wp-content\/uploads\/2025\/02\/bimg_7747.jpeg\" alt=\"\" class=\"wp-image-3092\" srcset=\"https:\/\/www.marani.pl\/wp-content\/uploads\/2025\/02\/bimg_7747.jpeg 1200w, https:\/\/www.marani.pl\/wp-content\/uploads\/2025\/02\/bimg_7747-300x225.jpeg 300w, https:\/\/www.marani.pl\/wp-content\/uploads\/2025\/02\/bimg_7747-1024x768.jpeg 1024w, https:\/\/www.marani.pl\/wp-content\/uploads\/2025\/02\/bimg_7747-768x576.jpeg 768w, https:\/\/www.marani.pl\/wp-content\/uploads\/2025\/02\/bimg_7747-16x12.jpeg 16w\" sizes=\"(max-width: 1200px) 100vw, 1200px\" \/><\/figure>\n\n\n\n<figure class=\"wp-block-image size-full\"><img decoding=\"async\" width=\"1200\" height=\"800\" src=\"https:\/\/www.marani.pl\/wp-content\/uploads\/2025\/02\/b20250211_mdwulatek_md1_4415.jpg\" alt=\"\" class=\"wp-image-3094\" srcset=\"https:\/\/www.marani.pl\/wp-content\/uploads\/2025\/02\/b20250211_mdwulatek_md1_4415.jpg 1200w, https:\/\/www.marani.pl\/wp-content\/uploads\/2025\/02\/b20250211_mdwulatek_md1_4415-300x200.jpg 300w, https:\/\/www.marani.pl\/wp-content\/uploads\/2025\/02\/b20250211_mdwulatek_md1_4415-1024x683.jpg 1024w, https:\/\/www.marani.pl\/wp-content\/uploads\/2025\/02\/b20250211_mdwulatek_md1_4415-768x512.jpg 768w, https:\/\/www.marani.pl\/wp-content\/uploads\/2025\/02\/b20250211_mdwulatek_md1_4415-18x12.jpg 18w\" sizes=\"(max-width: 1200px) 100vw, 1200px\" \/><\/figure>","protected":false},"excerpt":{"rendered":"<p>Mr Daniel Kotarski, an employee of Marani Sp. z o.o., won first place in the competition of the Minister of Defence for the Marian [...]<\/p>","protected":false},"author":1,"featured_media":3095,"comment_status":"closed","ping_status":"open","sticky":false,"template":"","format":"standard","meta":{"site-sidebar-layout":"default","site-content-layout":"","ast-site-content-layout":"","site-content-style":"default","site-sidebar-style":"default","ast-global-header-display":"","ast-banner-title-visibility":"","ast-main-header-display":"","ast-hfb-above-header-display":"","ast-hfb-below-header-display":"","ast-hfb-mobile-header-display":"","site-post-title":"","ast-breadcrumbs-content":"","ast-featured-img":"","footer-sml-layout":"","theme-transparent-header-meta":"","adv-header-id-meta":"","stick-header-meta":"","header-above-stick-meta":"","header-main-stick-meta":"","header-below-stick-meta":"","astra-migrate-meta-layouts":"default","ast-page-background-enabled":"default","ast-page-background-meta":{"desktop":{"background-color":"var(--ast-global-color-4)","background-image":"","background-repeat":"repeat","background-position":"center center","background-size":"auto","background-attachment":"scroll","background-type":"","background-media":"","overlay-type":"","overlay-color":"","overlay-gradient":""},"tablet":{"background-color":"","background-image":"","background-repeat":"repeat","background-position":"center center","background-size":"auto","background-attachment":"scroll","background-type":"","background-media":"","overlay-type":"","overlay-color":"","overlay-gradient":""},"mobile":{"background-color":"","background-image":"","background-repeat":"repeat","background-position":"center center","background-size":"auto","background-attachment":"scroll","background-type":"","background-media":"","overlay-type":"","overlay-color":"","overlay-gradient":""}},"ast-content-background-meta":{"desktop":{"background-color":"var(--ast-global-color-5)","background-image":"","background-repeat":"repeat","background-position":"center center","background-size":"auto","background-attachment":"scroll","background-type":"","background-media":"","overlay-type":"","overlay-color":"","overlay-gradient":""},"tablet":{"background-color":"var(--ast-global-color-5)","background-image":"","background-repeat":"repeat","background-position":"center center","background-size":"auto","background-attachment":"scroll","background-type":"","background-media":"","overlay-type":"","overlay-color":"","overlay-gradient":""},"mobile":{"background-color":"var(--ast-global-color-5)","background-image":"","background-repeat":"repeat","background-position":"center center","background-size":"auto","background-attachment":"scroll","background-type":"","background-media":"","overlay-type":"","overlay-color":"","overlay-gradient":""}},"footnotes":""},"categories":[1],"tags":[],"class_list":["post-3084","post","type-post","status-publish","format-standard","has-post-thumbnail","hentry","category-aktualnosci"],"yoast_head":"<!-- This site is optimized with the Yoast SEO plugin v26.7 - https:\/\/yoast.com\/wordpress\/plugins\/seo\/ -->\n<title>Nagroda MON dla pracownika\u00a0 Marani Sp. z o.o. za prac\u0119 o cyberbezpiecze\u0144stwie -<\/title>\n<meta name=\"robots\" content=\"index, follow, max-snippet:-1, max-image-preview:large, max-video-preview:-1\" \/>\n<link rel=\"canonical\" href=\"https:\/\/www.marani.pl\/en\/nagroda-mon-dla-pracownika-marani-sp-z-o-o-za-prace-o-cyberbezpieczenstwie\/\" \/>\n<meta property=\"og:locale\" content=\"en_GB\" \/>\n<meta property=\"og:type\" content=\"article\" \/>\n<meta property=\"og:title\" content=\"Nagroda MON dla pracownika\u00a0 Marani Sp. z o.o. za prac\u0119 o cyberbezpiecze\u0144stwie -\" \/>\n<meta property=\"og:description\" content=\"Pan Daniel Kotarski, pracownik Marani Sp. z o.o.&nbsp; zdoby\u0142 I miejsce w konkursie Ministra Obrony Narodowej o nagrod\u0119 im. Mariana [&hellip;]\" \/>\n<meta property=\"og:url\" content=\"https:\/\/www.marani.pl\/en\/nagroda-mon-dla-pracownika-marani-sp-z-o-o-za-prace-o-cyberbezpieczenstwie\/\" \/>\n<meta property=\"article:publisher\" content=\"https:\/\/www.facebook.com\/MaraniCompressedAir\" \/>\n<meta property=\"article:published_time\" content=\"2025-02-17T07:45:38+00:00\" \/>\n<meta property=\"article:modified_time\" content=\"2025-02-17T08:12:47+00:00\" \/>\n<meta property=\"og:image\" content=\"https:\/\/www.marani.pl\/wp-content\/uploads\/2025\/02\/logo_DC_MONb-1.jpg\" \/>\n\t<meta property=\"og:image:width\" content=\"556\" \/>\n\t<meta property=\"og:image:height\" content=\"334\" \/>\n\t<meta property=\"og:image:type\" content=\"image\/jpeg\" \/>\n<meta name=\"author\" content=\"admin\" \/>\n<script type=\"application\/ld+json\" class=\"yoast-schema-graph\">{\"@context\":\"https:\/\/schema.org\",\"@graph\":[{\"@type\":\"Article\",\"@id\":\"https:\/\/www.marani.pl\/nagroda-mon-dla-pracownika-marani-sp-z-o-o-za-prace-o-cyberbezpieczenstwie\/#article\",\"isPartOf\":{\"@id\":\"https:\/\/www.marani.pl\/nagroda-mon-dla-pracownika-marani-sp-z-o-o-za-prace-o-cyberbezpieczenstwie\/\"},\"author\":{\"name\":\"admin\",\"@id\":\"https:\/\/www.marani.pl\/#\/schema\/person\/22ff6539bc8a75fb72262895a86009cc\"},\"headline\":\"Nagroda MON dla pracownika\u00a0 Marani Sp. z o.o. za prac\u0119 o cyberbezpiecze\u0144stwie\",\"datePublished\":\"2025-02-17T07:45:38+00:00\",\"dateModified\":\"2025-02-17T08:12:47+00:00\",\"mainEntityOfPage\":{\"@id\":\"https:\/\/www.marani.pl\/nagroda-mon-dla-pracownika-marani-sp-z-o-o-za-prace-o-cyberbezpieczenstwie\/\"},\"wordCount\":131,\"publisher\":{\"@id\":\"https:\/\/www.marani.pl\/#organization\"},\"image\":{\"@id\":\"https:\/\/www.marani.pl\/nagroda-mon-dla-pracownika-marani-sp-z-o-o-za-prace-o-cyberbezpieczenstwie\/#primaryimage\"},\"thumbnailUrl\":\"https:\/\/www.marani.pl\/wp-content\/uploads\/2025\/02\/logo_DC_MONb-1.jpg\",\"articleSection\":[\"Aktualno\u015bci\"],\"inLanguage\":\"en-GB\"},{\"@type\":\"WebPage\",\"@id\":\"https:\/\/www.marani.pl\/nagroda-mon-dla-pracownika-marani-sp-z-o-o-za-prace-o-cyberbezpieczenstwie\/\",\"url\":\"https:\/\/www.marani.pl\/nagroda-mon-dla-pracownika-marani-sp-z-o-o-za-prace-o-cyberbezpieczenstwie\/\",\"name\":\"Nagroda MON dla pracownika\u00a0 Marani Sp. z o.o. za prac\u0119 o cyberbezpiecze\u0144stwie -\",\"isPartOf\":{\"@id\":\"https:\/\/www.marani.pl\/#website\"},\"primaryImageOfPage\":{\"@id\":\"https:\/\/www.marani.pl\/nagroda-mon-dla-pracownika-marani-sp-z-o-o-za-prace-o-cyberbezpieczenstwie\/#primaryimage\"},\"image\":{\"@id\":\"https:\/\/www.marani.pl\/nagroda-mon-dla-pracownika-marani-sp-z-o-o-za-prace-o-cyberbezpieczenstwie\/#primaryimage\"},\"thumbnailUrl\":\"https:\/\/www.marani.pl\/wp-content\/uploads\/2025\/02\/logo_DC_MONb-1.jpg\",\"datePublished\":\"2025-02-17T07:45:38+00:00\",\"dateModified\":\"2025-02-17T08:12:47+00:00\",\"breadcrumb\":{\"@id\":\"https:\/\/www.marani.pl\/nagroda-mon-dla-pracownika-marani-sp-z-o-o-za-prace-o-cyberbezpieczenstwie\/#breadcrumb\"},\"inLanguage\":\"en-GB\",\"potentialAction\":[{\"@type\":\"ReadAction\",\"target\":[\"https:\/\/www.marani.pl\/nagroda-mon-dla-pracownika-marani-sp-z-o-o-za-prace-o-cyberbezpieczenstwie\/\"]}]},{\"@type\":\"ImageObject\",\"inLanguage\":\"en-GB\",\"@id\":\"https:\/\/www.marani.pl\/nagroda-mon-dla-pracownika-marani-sp-z-o-o-za-prace-o-cyberbezpieczenstwie\/#primaryimage\",\"url\":\"https:\/\/www.marani.pl\/wp-content\/uploads\/2025\/02\/logo_DC_MONb-1.jpg\",\"contentUrl\":\"https:\/\/www.marani.pl\/wp-content\/uploads\/2025\/02\/logo_DC_MONb-1.jpg\",\"width\":556,\"height\":334},{\"@type\":\"BreadcrumbList\",\"@id\":\"https:\/\/www.marani.pl\/nagroda-mon-dla-pracownika-marani-sp-z-o-o-za-prace-o-cyberbezpieczenstwie\/#breadcrumb\",\"itemListElement\":[{\"@type\":\"ListItem\",\"position\":1,\"name\":\"Strona g\u0142\u00f3wna\",\"item\":\"https:\/\/www.marani.pl\/\"},{\"@type\":\"ListItem\",\"position\":2,\"name\":\"Nagroda MON dla pracownika\u00a0 Marani Sp. z o.o. za prac\u0119 o cyberbezpiecze\u0144stwie\"}]},{\"@type\":\"WebSite\",\"@id\":\"https:\/\/www.marani.pl\/#website\",\"url\":\"https:\/\/www.marani.pl\/\",\"name\":\"\",\"description\":\"\",\"publisher\":{\"@id\":\"https:\/\/www.marani.pl\/#organization\"},\"potentialAction\":[{\"@type\":\"SearchAction\",\"target\":{\"@type\":\"EntryPoint\",\"urlTemplate\":\"https:\/\/www.marani.pl\/?s={search_term_string}\"},\"query-input\":{\"@type\":\"PropertyValueSpecification\",\"valueRequired\":true,\"valueName\":\"search_term_string\"}}],\"inLanguage\":\"en-GB\"},{\"@type\":\"Organization\",\"@id\":\"https:\/\/www.marani.pl\/#organization\",\"name\":\"Marani Sp. z o.o.\",\"url\":\"https:\/\/www.marani.pl\/\",\"logo\":{\"@type\":\"ImageObject\",\"inLanguage\":\"en-GB\",\"@id\":\"https:\/\/www.marani.pl\/#\/schema\/logo\/image\/\",\"url\":\"https:\/\/www.marani.pl\/wp-content\/uploads\/2024\/01\/mm4-1-1.jpg\",\"contentUrl\":\"https:\/\/www.marani.pl\/wp-content\/uploads\/2024\/01\/mm4-1-1.jpg\",\"width\":1200,\"height\":897,\"caption\":\"Marani Sp. z o.o.\"},\"image\":{\"@id\":\"https:\/\/www.marani.pl\/#\/schema\/logo\/image\/\"},\"sameAs\":[\"https:\/\/www.facebook.com\/MaraniCompressedAir\"]},{\"@type\":\"Person\",\"@id\":\"https:\/\/www.marani.pl\/#\/schema\/person\/22ff6539bc8a75fb72262895a86009cc\",\"name\":\"admin\",\"image\":{\"@type\":\"ImageObject\",\"inLanguage\":\"en-GB\",\"@id\":\"https:\/\/www.marani.pl\/#\/schema\/person\/image\/\",\"url\":\"https:\/\/secure.gravatar.com\/avatar\/60a8cad58673016d20a75261c088f8c4571f67273d9b1beede35a80a1e9d7431?s=96&d=mm&r=g\",\"contentUrl\":\"https:\/\/secure.gravatar.com\/avatar\/60a8cad58673016d20a75261c088f8c4571f67273d9b1beede35a80a1e9d7431?s=96&d=mm&r=g\",\"caption\":\"admin\"},\"sameAs\":[\"http:\/\/pl.marani.pl\"],\"url\":\"https:\/\/www.marani.pl\/en\/author\/admin\/\"}]}<\/script>\n<!-- \/ Yoast SEO plugin. -->","yoast_head_json":{"title":"Nagroda MON dla pracownika\u00a0 Marani Sp. z o.o. za prac\u0119 o cyberbezpiecze\u0144stwie -","robots":{"index":"index","follow":"follow","max-snippet":"max-snippet:-1","max-image-preview":"max-image-preview:large","max-video-preview":"max-video-preview:-1"},"canonical":"https:\/\/www.marani.pl\/en\/nagroda-mon-dla-pracownika-marani-sp-z-o-o-za-prace-o-cyberbezpieczenstwie\/","og_locale":"en_GB","og_type":"article","og_title":"Nagroda MON dla pracownika\u00a0 Marani Sp. z o.o. za prac\u0119 o cyberbezpiecze\u0144stwie -","og_description":"Pan Daniel Kotarski, pracownik Marani Sp. z o.o.&nbsp; zdoby\u0142 I miejsce w konkursie Ministra Obrony Narodowej o nagrod\u0119 im. Mariana [&hellip;]","og_url":"https:\/\/www.marani.pl\/en\/nagroda-mon-dla-pracownika-marani-sp-z-o-o-za-prace-o-cyberbezpieczenstwie\/","article_publisher":"https:\/\/www.facebook.com\/MaraniCompressedAir","article_published_time":"2025-02-17T07:45:38+00:00","article_modified_time":"2025-02-17T08:12:47+00:00","og_image":[{"width":556,"height":334,"url":"https:\/\/www.marani.pl\/wp-content\/uploads\/2025\/02\/logo_DC_MONb-1.jpg","type":"image\/jpeg"}],"author":"admin","schema":{"@context":"https:\/\/schema.org","@graph":[{"@type":"Article","@id":"https:\/\/www.marani.pl\/nagroda-mon-dla-pracownika-marani-sp-z-o-o-za-prace-o-cyberbezpieczenstwie\/#article","isPartOf":{"@id":"https:\/\/www.marani.pl\/nagroda-mon-dla-pracownika-marani-sp-z-o-o-za-prace-o-cyberbezpieczenstwie\/"},"author":{"name":"admin","@id":"https:\/\/www.marani.pl\/#\/schema\/person\/22ff6539bc8a75fb72262895a86009cc"},"headline":"Nagroda MON dla pracownika\u00a0 Marani Sp. z o.o. za prac\u0119 o cyberbezpiecze\u0144stwie","datePublished":"2025-02-17T07:45:38+00:00","dateModified":"2025-02-17T08:12:47+00:00","mainEntityOfPage":{"@id":"https:\/\/www.marani.pl\/nagroda-mon-dla-pracownika-marani-sp-z-o-o-za-prace-o-cyberbezpieczenstwie\/"},"wordCount":131,"publisher":{"@id":"https:\/\/www.marani.pl\/#organization"},"image":{"@id":"https:\/\/www.marani.pl\/nagroda-mon-dla-pracownika-marani-sp-z-o-o-za-prace-o-cyberbezpieczenstwie\/#primaryimage"},"thumbnailUrl":"https:\/\/www.marani.pl\/wp-content\/uploads\/2025\/02\/logo_DC_MONb-1.jpg","articleSection":["Aktualno\u015bci"],"inLanguage":"en-GB"},{"@type":"WebPage","@id":"https:\/\/www.marani.pl\/nagroda-mon-dla-pracownika-marani-sp-z-o-o-za-prace-o-cyberbezpieczenstwie\/","url":"https:\/\/www.marani.pl\/nagroda-mon-dla-pracownika-marani-sp-z-o-o-za-prace-o-cyberbezpieczenstwie\/","name":"Nagroda MON dla pracownika\u00a0 Marani Sp. z o.o. za prac\u0119 o cyberbezpiecze\u0144stwie -","isPartOf":{"@id":"https:\/\/www.marani.pl\/#website"},"primaryImageOfPage":{"@id":"https:\/\/www.marani.pl\/nagroda-mon-dla-pracownika-marani-sp-z-o-o-za-prace-o-cyberbezpieczenstwie\/#primaryimage"},"image":{"@id":"https:\/\/www.marani.pl\/nagroda-mon-dla-pracownika-marani-sp-z-o-o-za-prace-o-cyberbezpieczenstwie\/#primaryimage"},"thumbnailUrl":"https:\/\/www.marani.pl\/wp-content\/uploads\/2025\/02\/logo_DC_MONb-1.jpg","datePublished":"2025-02-17T07:45:38+00:00","dateModified":"2025-02-17T08:12:47+00:00","breadcrumb":{"@id":"https:\/\/www.marani.pl\/nagroda-mon-dla-pracownika-marani-sp-z-o-o-za-prace-o-cyberbezpieczenstwie\/#breadcrumb"},"inLanguage":"en-GB","potentialAction":[{"@type":"ReadAction","target":["https:\/\/www.marani.pl\/nagroda-mon-dla-pracownika-marani-sp-z-o-o-za-prace-o-cyberbezpieczenstwie\/"]}]},{"@type":"ImageObject","inLanguage":"en-GB","@id":"https:\/\/www.marani.pl\/nagroda-mon-dla-pracownika-marani-sp-z-o-o-za-prace-o-cyberbezpieczenstwie\/#primaryimage","url":"https:\/\/www.marani.pl\/wp-content\/uploads\/2025\/02\/logo_DC_MONb-1.jpg","contentUrl":"https:\/\/www.marani.pl\/wp-content\/uploads\/2025\/02\/logo_DC_MONb-1.jpg","width":556,"height":334},{"@type":"BreadcrumbList","@id":"https:\/\/www.marani.pl\/nagroda-mon-dla-pracownika-marani-sp-z-o-o-za-prace-o-cyberbezpieczenstwie\/#breadcrumb","itemListElement":[{"@type":"ListItem","position":1,"name":"Strona g\u0142\u00f3wna","item":"https:\/\/www.marani.pl\/"},{"@type":"ListItem","position":2,"name":"Nagroda MON dla pracownika\u00a0 Marani Sp. z o.o. za prac\u0119 o cyberbezpiecze\u0144stwie"}]},{"@type":"WebSite","@id":"https:\/\/www.marani.pl\/#website","url":"https:\/\/www.marani.pl\/","name":"","description":"","publisher":{"@id":"https:\/\/www.marani.pl\/#organization"},"potentialAction":[{"@type":"SearchAction","target":{"@type":"EntryPoint","urlTemplate":"https:\/\/www.marani.pl\/?s={search_term_string}"},"query-input":{"@type":"PropertyValueSpecification","valueRequired":true,"valueName":"search_term_string"}}],"inLanguage":"en-GB"},{"@type":"Organization","@id":"https:\/\/www.marani.pl\/#organization","name":"Marani Sp. z o.o.","url":"https:\/\/www.marani.pl\/","logo":{"@type":"ImageObject","inLanguage":"en-GB","@id":"https:\/\/www.marani.pl\/#\/schema\/logo\/image\/","url":"https:\/\/www.marani.pl\/wp-content\/uploads\/2024\/01\/mm4-1-1.jpg","contentUrl":"https:\/\/www.marani.pl\/wp-content\/uploads\/2024\/01\/mm4-1-1.jpg","width":1200,"height":897,"caption":"Marani Sp. z o.o."},"image":{"@id":"https:\/\/www.marani.pl\/#\/schema\/logo\/image\/"},"sameAs":["https:\/\/www.facebook.com\/MaraniCompressedAir"]},{"@type":"Person","@id":"https:\/\/www.marani.pl\/#\/schema\/person\/22ff6539bc8a75fb72262895a86009cc","name":"admin","image":{"@type":"ImageObject","inLanguage":"en-GB","@id":"https:\/\/www.marani.pl\/#\/schema\/person\/image\/","url":"https:\/\/secure.gravatar.com\/avatar\/60a8cad58673016d20a75261c088f8c4571f67273d9b1beede35a80a1e9d7431?s=96&d=mm&r=g","contentUrl":"https:\/\/secure.gravatar.com\/avatar\/60a8cad58673016d20a75261c088f8c4571f67273d9b1beede35a80a1e9d7431?s=96&d=mm&r=g","caption":"admin"},"sameAs":["http:\/\/pl.marani.pl"],"url":"https:\/\/www.marani.pl\/en\/author\/admin\/"}]}},"_links":{"self":[{"href":"https:\/\/www.marani.pl\/en\/wp-json\/wp\/v2\/posts\/3084","targetHints":{"allow":["GET"]}}],"collection":[{"href":"https:\/\/www.marani.pl\/en\/wp-json\/wp\/v2\/posts"}],"about":[{"href":"https:\/\/www.marani.pl\/en\/wp-json\/wp\/v2\/types\/post"}],"author":[{"embeddable":true,"href":"https:\/\/www.marani.pl\/en\/wp-json\/wp\/v2\/users\/1"}],"replies":[{"embeddable":true,"href":"https:\/\/www.marani.pl\/en\/wp-json\/wp\/v2\/comments?post=3084"}],"version-history":[{"count":3,"href":"https:\/\/www.marani.pl\/en\/wp-json\/wp\/v2\/posts\/3084\/revisions"}],"predecessor-version":[{"id":3096,"href":"https:\/\/www.marani.pl\/en\/wp-json\/wp\/v2\/posts\/3084\/revisions\/3096"}],"wp:featuredmedia":[{"embeddable":true,"href":"https:\/\/www.marani.pl\/en\/wp-json\/wp\/v2\/media\/3095"}],"wp:attachment":[{"href":"https:\/\/www.marani.pl\/en\/wp-json\/wp\/v2\/media?parent=3084"}],"wp:term":[{"taxonomy":"category","embeddable":true,"href":"https:\/\/www.marani.pl\/en\/wp-json\/wp\/v2\/categories?post=3084"},{"taxonomy":"post_tag","embeddable":true,"href":"https:\/\/www.marani.pl\/en\/wp-json\/wp\/v2\/tags?post=3084"}],"curies":[{"name":"wp","href":"https:\/\/api.w.org\/{rel}","templated":true}]}}