{"id":3224,"date":"2025-03-24T09:57:59","date_gmt":"2025-03-24T08:57:59","guid":{"rendered":"https:\/\/www.marani.pl\/?p=3224"},"modified":"2025-03-24T09:58:01","modified_gmt":"2025-03-24T08:58:01","slug":"marani-na-targach-powerconnect-energy-summit","status":"publish","type":"post","link":"https:\/\/www.marani.pl\/en\/marani-na-targach-powerconnect-energy-summit\/","title":{"rendered":"MARANI at the PowerConnect Energy Summit trade show"},"content":{"rendered":"<p>We would like to invite you to visit our stand at the&nbsp;<strong>Energy fair - PowerConnect Energy Summit<\/strong>which will take place on&nbsp;<strong>26-28 March 2025 in Gda\u0144sk<\/strong>. We will present&nbsp;<strong>advanced waste heat energy conversion technologies<\/strong>, enabling the efficient use of low-temperature heat sources to produce electricity and cooling.<\/p>\n\n\n\n<figure class=\"wp-block-image size-full\"><img fetchpriority=\"high\" decoding=\"async\" width=\"1194\" height=\"204\" src=\"https:\/\/www.marani.pl\/wp-content\/uploads\/2025\/03\/pcmararni.jpg\" alt=\"\" class=\"wp-image-3225\" srcset=\"https:\/\/www.marani.pl\/wp-content\/uploads\/2025\/03\/pcmararni.jpg 1194w, https:\/\/www.marani.pl\/wp-content\/uploads\/2025\/03\/pcmararni-300x51.jpg 300w, https:\/\/www.marani.pl\/wp-content\/uploads\/2025\/03\/pcmararni-1024x175.jpg 1024w, https:\/\/www.marani.pl\/wp-content\/uploads\/2025\/03\/pcmararni-768x131.jpg 768w, https:\/\/www.marani.pl\/wp-content\/uploads\/2025\/03\/pcmararni-18x3.jpg 18w\" sizes=\"(max-width: 1194px) 100vw, 1194px\" \/><\/figure>\n\n\n\n<p>We will present:<\/p>\n\n\n\n<ul class=\"wp-block-list\">\n<li><strong>ORC MARANI system<\/strong>\u00a0- innovative systems for converting heat into electricity,<\/li>\n\n\n\n<li><strong>Ejector-based  refrigeration systems<\/strong>\u00a0- energy-efficient solutions for industry,<\/li>\n\n\n\n<li><strong>Modern high-speed turbines<\/strong>,<\/li>\n\n\n\n<li><strong>ORC system 10<\/strong>\u00a0ready for use.<\/li>\n<\/ul>\n\n\n\n<p>Come to our stand and find out more about the future of energy technology.<\/p>\n\n\n\n<p><\/p>","protected":false},"excerpt":{"rendered":"<p>We would like to invite you to visit our stand at the Energy Fair - PowerConnect Energy Summit, which will take place from 26-28 March 2025 [...].<\/p>","protected":false},"author":1,"featured_media":3226,"comment_status":"closed","ping_status":"open","sticky":false,"template":"","format":"standard","meta":{"site-sidebar-layout":"default","site-content-layout":"","ast-site-content-layout":"","site-content-style":"default","site-sidebar-style":"default","ast-global-header-display":"","ast-banner-title-visibility":"","ast-main-header-display":"","ast-hfb-above-header-display":"","ast-hfb-below-header-display":"","ast-hfb-mobile-header-display":"","site-post-title":"","ast-breadcrumbs-content":"","ast-featured-img":"","footer-sml-layout":"","theme-transparent-header-meta":"","adv-header-id-meta":"","stick-header-meta":"","header-above-stick-meta":"","header-main-stick-meta":"","header-below-stick-meta":"","astra-migrate-meta-layouts":"default","ast-page-background-enabled":"default","ast-page-background-meta":{"desktop":{"background-color":"var(--ast-global-color-4)","background-image":"","background-repeat":"repeat","background-position":"center center","background-size":"auto","background-attachment":"scroll","background-type":"","background-media":"","overlay-type":"","overlay-color":"","overlay-gradient":""},"tablet":{"background-color":"","background-image":"","background-repeat":"repeat","background-position":"center center","background-size":"auto","background-attachment":"scroll","background-type":"","background-media":"","overlay-type":"","overlay-color":"","overlay-gradient":""},"mobile":{"background-color":"","background-image":"","background-repeat":"repeat","background-position":"center center","background-size":"auto","background-attachment":"scroll","background-type":"","background-media":"","overlay-type":"","overlay-color":"","overlay-gradient":""}},"ast-content-background-meta":{"desktop":{"background-color":"var(--ast-global-color-5)","background-image":"","background-repeat":"repeat","background-position":"center center","background-size":"auto","background-attachment":"scroll","background-type":"","background-media":"","overlay-type":"","overlay-color":"","overlay-gradient":""},"tablet":{"background-color":"var(--ast-global-color-5)","background-image":"","background-repeat":"repeat","background-position":"center center","background-size":"auto","background-attachment":"scroll","background-type":"","background-media":"","overlay-type":"","overlay-color":"","overlay-gradient":""},"mobile":{"background-color":"var(--ast-global-color-5)","background-image":"","background-repeat":"repeat","background-position":"center center","background-size":"auto","background-attachment":"scroll","background-type":"","background-media":"","overlay-type":"","overlay-color":"","overlay-gradient":""}},"footnotes":""},"categories":[1],"tags":[],"class_list":["post-3224","post","type-post","status-publish","format-standard","has-post-thumbnail","hentry","category-aktualnosci"],"yoast_head":"<!-- This site is optimized with the Yoast SEO plugin v26.7 - https:\/\/yoast.com\/wordpress\/plugins\/seo\/ -->\n<title>MARANI na Targach PowerConnect Energy Summit -<\/title>\n<meta name=\"robots\" content=\"index, follow, max-snippet:-1, max-image-preview:large, max-video-preview:-1\" \/>\n<link rel=\"canonical\" href=\"https:\/\/www.marani.pl\/en\/marani-na-targach-powerconnect-energy-summit\/\" \/>\n<meta property=\"og:locale\" content=\"en_GB\" \/>\n<meta property=\"og:type\" content=\"article\" \/>\n<meta property=\"og:title\" content=\"MARANI na Targach PowerConnect Energy Summit -\" \/>\n<meta property=\"og:description\" content=\"Chcieliby\u015bmy zaprosi\u0107 Pa\u0144stwa do odwiedzenia naszego stoiska na&nbsp;Targach Energetycznych &#8211; PowerConnect Energy Summit, kt\u00f3re odb\u0119d\u0105 si\u0119 w dniach&nbsp;26\u201328 marca 2025 [&hellip;]\" \/>\n<meta property=\"og:url\" content=\"https:\/\/www.marani.pl\/en\/marani-na-targach-powerconnect-energy-summit\/\" \/>\n<meta property=\"article:publisher\" content=\"https:\/\/www.facebook.com\/MaraniCompressedAir\" \/>\n<meta property=\"article:published_time\" content=\"2025-03-24T08:57:59+00:00\" \/>\n<meta property=\"article:modified_time\" content=\"2025-03-24T08:58:01+00:00\" \/>\n<meta property=\"og:image\" content=\"https:\/\/www.marani.pl\/wp-content\/uploads\/2025\/03\/Zrzut-ekranu-2025-03-24-o-09.55.59.png\" \/>\n\t<meta property=\"og:image:width\" content=\"1126\" \/>\n\t<meta property=\"og:image:height\" content=\"702\" \/>\n\t<meta property=\"og:image:type\" content=\"image\/png\" \/>\n<meta name=\"author\" content=\"admin\" \/>\n<script type=\"application\/ld+json\" class=\"yoast-schema-graph\">{\"@context\":\"https:\/\/schema.org\",\"@graph\":[{\"@type\":\"Article\",\"@id\":\"https:\/\/www.marani.pl\/marani-na-targach-powerconnect-energy-summit\/#article\",\"isPartOf\":{\"@id\":\"https:\/\/www.marani.pl\/marani-na-targach-powerconnect-energy-summit\/\"},\"author\":{\"name\":\"admin\",\"@id\":\"https:\/\/www.marani.pl\/#\/schema\/person\/22ff6539bc8a75fb72262895a86009cc\"},\"headline\":\"MARANI na Targach PowerConnect Energy Summit\",\"datePublished\":\"2025-03-24T08:57:59+00:00\",\"dateModified\":\"2025-03-24T08:58:01+00:00\",\"mainEntityOfPage\":{\"@id\":\"https:\/\/www.marani.pl\/marani-na-targach-powerconnect-energy-summit\/\"},\"wordCount\":107,\"publisher\":{\"@id\":\"https:\/\/www.marani.pl\/#organization\"},\"image\":{\"@id\":\"https:\/\/www.marani.pl\/marani-na-targach-powerconnect-energy-summit\/#primaryimage\"},\"thumbnailUrl\":\"https:\/\/www.marani.pl\/wp-content\/uploads\/2025\/03\/Zrzut-ekranu-2025-03-24-o-09.55.59.png\",\"articleSection\":[\"Aktualno\u015bci\"],\"inLanguage\":\"en-GB\"},{\"@type\":\"WebPage\",\"@id\":\"https:\/\/www.marani.pl\/marani-na-targach-powerconnect-energy-summit\/\",\"url\":\"https:\/\/www.marani.pl\/marani-na-targach-powerconnect-energy-summit\/\",\"name\":\"MARANI na Targach PowerConnect Energy Summit -\",\"isPartOf\":{\"@id\":\"https:\/\/www.marani.pl\/#website\"},\"primaryImageOfPage\":{\"@id\":\"https:\/\/www.marani.pl\/marani-na-targach-powerconnect-energy-summit\/#primaryimage\"},\"image\":{\"@id\":\"https:\/\/www.marani.pl\/marani-na-targach-powerconnect-energy-summit\/#primaryimage\"},\"thumbnailUrl\":\"https:\/\/www.marani.pl\/wp-content\/uploads\/2025\/03\/Zrzut-ekranu-2025-03-24-o-09.55.59.png\",\"datePublished\":\"2025-03-24T08:57:59+00:00\",\"dateModified\":\"2025-03-24T08:58:01+00:00\",\"breadcrumb\":{\"@id\":\"https:\/\/www.marani.pl\/marani-na-targach-powerconnect-energy-summit\/#breadcrumb\"},\"inLanguage\":\"en-GB\",\"potentialAction\":[{\"@type\":\"ReadAction\",\"target\":[\"https:\/\/www.marani.pl\/marani-na-targach-powerconnect-energy-summit\/\"]}]},{\"@type\":\"ImageObject\",\"inLanguage\":\"en-GB\",\"@id\":\"https:\/\/www.marani.pl\/marani-na-targach-powerconnect-energy-summit\/#primaryimage\",\"url\":\"https:\/\/www.marani.pl\/wp-content\/uploads\/2025\/03\/Zrzut-ekranu-2025-03-24-o-09.55.59.png\",\"contentUrl\":\"https:\/\/www.marani.pl\/wp-content\/uploads\/2025\/03\/Zrzut-ekranu-2025-03-24-o-09.55.59.png\",\"width\":1126,\"height\":702},{\"@type\":\"BreadcrumbList\",\"@id\":\"https:\/\/www.marani.pl\/marani-na-targach-powerconnect-energy-summit\/#breadcrumb\",\"itemListElement\":[{\"@type\":\"ListItem\",\"position\":1,\"name\":\"Strona g\u0142\u00f3wna\",\"item\":\"https:\/\/www.marani.pl\/\"},{\"@type\":\"ListItem\",\"position\":2,\"name\":\"MARANI na Targach PowerConnect Energy Summit\"}]},{\"@type\":\"WebSite\",\"@id\":\"https:\/\/www.marani.pl\/#website\",\"url\":\"https:\/\/www.marani.pl\/\",\"name\":\"\",\"description\":\"\",\"publisher\":{\"@id\":\"https:\/\/www.marani.pl\/#organization\"},\"potentialAction\":[{\"@type\":\"SearchAction\",\"target\":{\"@type\":\"EntryPoint\",\"urlTemplate\":\"https:\/\/www.marani.pl\/?s={search_term_string}\"},\"query-input\":{\"@type\":\"PropertyValueSpecification\",\"valueRequired\":true,\"valueName\":\"search_term_string\"}}],\"inLanguage\":\"en-GB\"},{\"@type\":\"Organization\",\"@id\":\"https:\/\/www.marani.pl\/#organization\",\"name\":\"Marani Sp. z o.o.\",\"url\":\"https:\/\/www.marani.pl\/\",\"logo\":{\"@type\":\"ImageObject\",\"inLanguage\":\"en-GB\",\"@id\":\"https:\/\/www.marani.pl\/#\/schema\/logo\/image\/\",\"url\":\"https:\/\/www.marani.pl\/wp-content\/uploads\/2024\/01\/mm4-1-1.jpg\",\"contentUrl\":\"https:\/\/www.marani.pl\/wp-content\/uploads\/2024\/01\/mm4-1-1.jpg\",\"width\":1200,\"height\":897,\"caption\":\"Marani Sp. z o.o.\"},\"image\":{\"@id\":\"https:\/\/www.marani.pl\/#\/schema\/logo\/image\/\"},\"sameAs\":[\"https:\/\/www.facebook.com\/MaraniCompressedAir\"]},{\"@type\":\"Person\",\"@id\":\"https:\/\/www.marani.pl\/#\/schema\/person\/22ff6539bc8a75fb72262895a86009cc\",\"name\":\"admin\",\"image\":{\"@type\":\"ImageObject\",\"inLanguage\":\"en-GB\",\"@id\":\"https:\/\/www.marani.pl\/#\/schema\/person\/image\/\",\"url\":\"https:\/\/secure.gravatar.com\/avatar\/60a8cad58673016d20a75261c088f8c4571f67273d9b1beede35a80a1e9d7431?s=96&d=mm&r=g\",\"contentUrl\":\"https:\/\/secure.gravatar.com\/avatar\/60a8cad58673016d20a75261c088f8c4571f67273d9b1beede35a80a1e9d7431?s=96&d=mm&r=g\",\"caption\":\"admin\"},\"sameAs\":[\"http:\/\/pl.marani.pl\"],\"url\":\"https:\/\/www.marani.pl\/en\/author\/admin\/\"}]}<\/script>\n<!-- \/ Yoast SEO plugin. -->","yoast_head_json":{"title":"MARANI na Targach PowerConnect Energy Summit -","robots":{"index":"index","follow":"follow","max-snippet":"max-snippet:-1","max-image-preview":"max-image-preview:large","max-video-preview":"max-video-preview:-1"},"canonical":"https:\/\/www.marani.pl\/en\/marani-na-targach-powerconnect-energy-summit\/","og_locale":"en_GB","og_type":"article","og_title":"MARANI na Targach PowerConnect Energy Summit -","og_description":"Chcieliby\u015bmy zaprosi\u0107 Pa\u0144stwa do odwiedzenia naszego stoiska na&nbsp;Targach Energetycznych &#8211; PowerConnect Energy Summit, kt\u00f3re odb\u0119d\u0105 si\u0119 w dniach&nbsp;26\u201328 marca 2025 [&hellip;]","og_url":"https:\/\/www.marani.pl\/en\/marani-na-targach-powerconnect-energy-summit\/","article_publisher":"https:\/\/www.facebook.com\/MaraniCompressedAir","article_published_time":"2025-03-24T08:57:59+00:00","article_modified_time":"2025-03-24T08:58:01+00:00","og_image":[{"width":1126,"height":702,"url":"https:\/\/www.marani.pl\/wp-content\/uploads\/2025\/03\/Zrzut-ekranu-2025-03-24-o-09.55.59.png","type":"image\/png"}],"author":"admin","schema":{"@context":"https:\/\/schema.org","@graph":[{"@type":"Article","@id":"https:\/\/www.marani.pl\/marani-na-targach-powerconnect-energy-summit\/#article","isPartOf":{"@id":"https:\/\/www.marani.pl\/marani-na-targach-powerconnect-energy-summit\/"},"author":{"name":"admin","@id":"https:\/\/www.marani.pl\/#\/schema\/person\/22ff6539bc8a75fb72262895a86009cc"},"headline":"MARANI na Targach PowerConnect Energy Summit","datePublished":"2025-03-24T08:57:59+00:00","dateModified":"2025-03-24T08:58:01+00:00","mainEntityOfPage":{"@id":"https:\/\/www.marani.pl\/marani-na-targach-powerconnect-energy-summit\/"},"wordCount":107,"publisher":{"@id":"https:\/\/www.marani.pl\/#organization"},"image":{"@id":"https:\/\/www.marani.pl\/marani-na-targach-powerconnect-energy-summit\/#primaryimage"},"thumbnailUrl":"https:\/\/www.marani.pl\/wp-content\/uploads\/2025\/03\/Zrzut-ekranu-2025-03-24-o-09.55.59.png","articleSection":["Aktualno\u015bci"],"inLanguage":"en-GB"},{"@type":"WebPage","@id":"https:\/\/www.marani.pl\/marani-na-targach-powerconnect-energy-summit\/","url":"https:\/\/www.marani.pl\/marani-na-targach-powerconnect-energy-summit\/","name":"MARANI na Targach PowerConnect Energy Summit -","isPartOf":{"@id":"https:\/\/www.marani.pl\/#website"},"primaryImageOfPage":{"@id":"https:\/\/www.marani.pl\/marani-na-targach-powerconnect-energy-summit\/#primaryimage"},"image":{"@id":"https:\/\/www.marani.pl\/marani-na-targach-powerconnect-energy-summit\/#primaryimage"},"thumbnailUrl":"https:\/\/www.marani.pl\/wp-content\/uploads\/2025\/03\/Zrzut-ekranu-2025-03-24-o-09.55.59.png","datePublished":"2025-03-24T08:57:59+00:00","dateModified":"2025-03-24T08:58:01+00:00","breadcrumb":{"@id":"https:\/\/www.marani.pl\/marani-na-targach-powerconnect-energy-summit\/#breadcrumb"},"inLanguage":"en-GB","potentialAction":[{"@type":"ReadAction","target":["https:\/\/www.marani.pl\/marani-na-targach-powerconnect-energy-summit\/"]}]},{"@type":"ImageObject","inLanguage":"en-GB","@id":"https:\/\/www.marani.pl\/marani-na-targach-powerconnect-energy-summit\/#primaryimage","url":"https:\/\/www.marani.pl\/wp-content\/uploads\/2025\/03\/Zrzut-ekranu-2025-03-24-o-09.55.59.png","contentUrl":"https:\/\/www.marani.pl\/wp-content\/uploads\/2025\/03\/Zrzut-ekranu-2025-03-24-o-09.55.59.png","width":1126,"height":702},{"@type":"BreadcrumbList","@id":"https:\/\/www.marani.pl\/marani-na-targach-powerconnect-energy-summit\/#breadcrumb","itemListElement":[{"@type":"ListItem","position":1,"name":"Strona g\u0142\u00f3wna","item":"https:\/\/www.marani.pl\/"},{"@type":"ListItem","position":2,"name":"MARANI na Targach PowerConnect Energy Summit"}]},{"@type":"WebSite","@id":"https:\/\/www.marani.pl\/#website","url":"https:\/\/www.marani.pl\/","name":"","description":"","publisher":{"@id":"https:\/\/www.marani.pl\/#organization"},"potentialAction":[{"@type":"SearchAction","target":{"@type":"EntryPoint","urlTemplate":"https:\/\/www.marani.pl\/?s={search_term_string}"},"query-input":{"@type":"PropertyValueSpecification","valueRequired":true,"valueName":"search_term_string"}}],"inLanguage":"en-GB"},{"@type":"Organization","@id":"https:\/\/www.marani.pl\/#organization","name":"Marani Sp. z o.o.","url":"https:\/\/www.marani.pl\/","logo":{"@type":"ImageObject","inLanguage":"en-GB","@id":"https:\/\/www.marani.pl\/#\/schema\/logo\/image\/","url":"https:\/\/www.marani.pl\/wp-content\/uploads\/2024\/01\/mm4-1-1.jpg","contentUrl":"https:\/\/www.marani.pl\/wp-content\/uploads\/2024\/01\/mm4-1-1.jpg","width":1200,"height":897,"caption":"Marani Sp. z o.o."},"image":{"@id":"https:\/\/www.marani.pl\/#\/schema\/logo\/image\/"},"sameAs":["https:\/\/www.facebook.com\/MaraniCompressedAir"]},{"@type":"Person","@id":"https:\/\/www.marani.pl\/#\/schema\/person\/22ff6539bc8a75fb72262895a86009cc","name":"admin","image":{"@type":"ImageObject","inLanguage":"en-GB","@id":"https:\/\/www.marani.pl\/#\/schema\/person\/image\/","url":"https:\/\/secure.gravatar.com\/avatar\/60a8cad58673016d20a75261c088f8c4571f67273d9b1beede35a80a1e9d7431?s=96&d=mm&r=g","contentUrl":"https:\/\/secure.gravatar.com\/avatar\/60a8cad58673016d20a75261c088f8c4571f67273d9b1beede35a80a1e9d7431?s=96&d=mm&r=g","caption":"admin"},"sameAs":["http:\/\/pl.marani.pl"],"url":"https:\/\/www.marani.pl\/en\/author\/admin\/"}]}},"_links":{"self":[{"href":"https:\/\/www.marani.pl\/en\/wp-json\/wp\/v2\/posts\/3224","targetHints":{"allow":["GET"]}}],"collection":[{"href":"https:\/\/www.marani.pl\/en\/wp-json\/wp\/v2\/posts"}],"about":[{"href":"https:\/\/www.marani.pl\/en\/wp-json\/wp\/v2\/types\/post"}],"author":[{"embeddable":true,"href":"https:\/\/www.marani.pl\/en\/wp-json\/wp\/v2\/users\/1"}],"replies":[{"embeddable":true,"href":"https:\/\/www.marani.pl\/en\/wp-json\/wp\/v2\/comments?post=3224"}],"version-history":[{"count":1,"href":"https:\/\/www.marani.pl\/en\/wp-json\/wp\/v2\/posts\/3224\/revisions"}],"predecessor-version":[{"id":3227,"href":"https:\/\/www.marani.pl\/en\/wp-json\/wp\/v2\/posts\/3224\/revisions\/3227"}],"wp:featuredmedia":[{"embeddable":true,"href":"https:\/\/www.marani.pl\/en\/wp-json\/wp\/v2\/media\/3226"}],"wp:attachment":[{"href":"https:\/\/www.marani.pl\/en\/wp-json\/wp\/v2\/media?parent=3224"}],"wp:term":[{"taxonomy":"category","embeddable":true,"href":"https:\/\/www.marani.pl\/en\/wp-json\/wp\/v2\/categories?post=3224"},{"taxonomy":"post_tag","embeddable":true,"href":"https:\/\/www.marani.pl\/en\/wp-json\/wp\/v2\/tags?post=3224"}],"curies":[{"name":"wp","href":"https:\/\/api.w.org\/{rel}","templated":true}]}}