{"id":3744,"date":"2025-11-20T08:28:43","date_gmt":"2025-11-20T07:28:43","guid":{"rendered":"https:\/\/www.marani.pl\/?p=3744"},"modified":"2025-11-21T17:30:42","modified_gmt":"2025-11-21T16:30:42","slug":"marani-orc-10-na-wystawie-osiagniec-polskiej-akademii-nauk-podczas-i-narodowego-kongresu-nauka-dla-biznesu-w-warszawie","status":"publish","type":"post","link":"https:\/\/www.marani.pl\/en\/marani-orc-10-na-wystawie-osiagniec-polskiej-akademii-nauk-podczas-i-narodowego-kongresu-nauka-dla-biznesu-w-warszawie\/","title":{"rendered":"Marani ORC 10 at the 1st National Congress \"Science for Business\" in Warsaw"},"content":{"rendered":"<p>We are pleased to announce that our innovative device&nbsp;<strong>Marani ORC 10LT<\/strong>&nbsp;was presented at an exhibition of the achievements of the Polish Academy of Sciences held as part of the&nbsp;<strong>1st National Congress \"Science for Business\"<\/strong>&nbsp;in Warsaw on&nbsp;<strong>19-21 November 2025<\/strong>.<\/p>\n\n\n\n<p>It is a great honour for us to be part of an event that brings together the worlds of science and business, promoting cutting-edge technologies and solutions to support the industry of the future.&nbsp;<strong>Marani ORC 10LT<\/strong>&nbsp;is an example of advanced energy technology based on the ORC cycle - it allows energy to be recovered efficiently from low-temperature heat sources, resulting in real savings and environmental benefits.<\/p>\n\n\n\n<p>We are honoured that our stand was visited by so many distinguished guests - including&nbsp;<strong>Jerzy Buzek<\/strong>, former President of the European Parliament and former Prime Minister of the Republic of Poland, who was accompanied by representatives from the world of science and business to learn about our solution.<\/p>\n\n\n\n<p>We would like to thank you for visiting our stand, all the discussions, exchanging experiences and such great interest. For us, participation in the congress is another step towards implementing Polish energy technologies on a large scale - both domestically and internationally.<\/p>\n\n\n\n<p>See you at the next events!<\/p>\n\n\n\n<figure class=\"wp-block-gallery has-nested-images columns-default is-cropped wp-block-gallery-1 is-layout-flex wp-block-gallery-is-layout-flex\">\n<figure class=\"wp-block-image size-large\"><img fetchpriority=\"high\" decoding=\"async\" width=\"768\" height=\"1024\" data-id=\"3745\" src=\"https:\/\/www.marani.pl\/wp-content\/uploads\/2025\/11\/WhatsApp-Image-2025-11-19-at-20.20.29-768x1024.jpeg\" alt=\"\" class=\"wp-image-3745\" srcset=\"https:\/\/www.marani.pl\/wp-content\/uploads\/2025\/11\/WhatsApp-Image-2025-11-19-at-20.20.29-768x1024.jpeg 768w, https:\/\/www.marani.pl\/wp-content\/uploads\/2025\/11\/WhatsApp-Image-2025-11-19-at-20.20.29-225x300.jpeg 225w, https:\/\/www.marani.pl\/wp-content\/uploads\/2025\/11\/WhatsApp-Image-2025-11-19-at-20.20.29-1152x1536.jpeg 1152w, https:\/\/www.marani.pl\/wp-content\/uploads\/2025\/11\/WhatsApp-Image-2025-11-19-at-20.20.29-9x12.jpeg 9w, https:\/\/www.marani.pl\/wp-content\/uploads\/2025\/11\/WhatsApp-Image-2025-11-19-at-20.20.29.jpeg 1200w\" sizes=\"(max-width: 768px) 100vw, 768px\" \/><\/figure>\n\n\n\n<figure class=\"wp-block-image size-large\"><img decoding=\"async\" width=\"768\" height=\"1024\" data-id=\"3746\" src=\"https:\/\/www.marani.pl\/wp-content\/uploads\/2025\/11\/WhatsApp-Image-2025-11-19-at-20.20.40-768x1024.jpeg\" alt=\"\" class=\"wp-image-3746\" srcset=\"https:\/\/www.marani.pl\/wp-content\/uploads\/2025\/11\/WhatsApp-Image-2025-11-19-at-20.20.40-768x1024.jpeg 768w, https:\/\/www.marani.pl\/wp-content\/uploads\/2025\/11\/WhatsApp-Image-2025-11-19-at-20.20.40-225x300.jpeg 225w, https:\/\/www.marani.pl\/wp-content\/uploads\/2025\/11\/WhatsApp-Image-2025-11-19-at-20.20.40-1152x1536.jpeg 1152w, https:\/\/www.marani.pl\/wp-content\/uploads\/2025\/11\/WhatsApp-Image-2025-11-19-at-20.20.40-9x12.jpeg 9w, https:\/\/www.marani.pl\/wp-content\/uploads\/2025\/11\/WhatsApp-Image-2025-11-19-at-20.20.40.jpeg 1200w\" sizes=\"(max-width: 768px) 100vw, 768px\" \/><\/figure>\n\n\n\n<figure class=\"wp-block-image size-large\"><img decoding=\"async\" width=\"1024\" height=\"577\" data-id=\"3756\" src=\"https:\/\/www.marani.pl\/wp-content\/uploads\/2025\/11\/WhatsApp-Image-2025-11-21-at-12.38.27-1-1024x577.jpeg\" alt=\"\" class=\"wp-image-3756\" srcset=\"https:\/\/www.marani.pl\/wp-content\/uploads\/2025\/11\/WhatsApp-Image-2025-11-21-at-12.38.27-1-1024x577.jpeg 1024w, https:\/\/www.marani.pl\/wp-content\/uploads\/2025\/11\/WhatsApp-Image-2025-11-21-at-12.38.27-1-300x169.jpeg 300w, https:\/\/www.marani.pl\/wp-content\/uploads\/2025\/11\/WhatsApp-Image-2025-11-21-at-12.38.27-1-768x432.jpeg 768w, https:\/\/www.marani.pl\/wp-content\/uploads\/2025\/11\/WhatsApp-Image-2025-11-21-at-12.38.27-1-1536x865.jpeg 1536w, https:\/\/www.marani.pl\/wp-content\/uploads\/2025\/11\/WhatsApp-Image-2025-11-21-at-12.38.27-1-18x10.jpeg 18w, https:\/\/www.marani.pl\/wp-content\/uploads\/2025\/11\/WhatsApp-Image-2025-11-21-at-12.38.27-1.jpeg 2000w\" sizes=\"(max-width: 1024px) 100vw, 1024px\" \/><\/figure>\n\n\n\n<figure class=\"wp-block-image size-large\"><img loading=\"lazy\" decoding=\"async\" width=\"1024\" height=\"577\" data-id=\"3757\" src=\"https:\/\/www.marani.pl\/wp-content\/uploads\/2025\/11\/WhatsApp-Image-2025-11-21-at-12.38.27-2-1024x577.jpeg\" alt=\"\" class=\"wp-image-3757\" srcset=\"https:\/\/www.marani.pl\/wp-content\/uploads\/2025\/11\/WhatsApp-Image-2025-11-21-at-12.38.27-2-1024x577.jpeg 1024w, https:\/\/www.marani.pl\/wp-content\/uploads\/2025\/11\/WhatsApp-Image-2025-11-21-at-12.38.27-2-300x169.jpeg 300w, https:\/\/www.marani.pl\/wp-content\/uploads\/2025\/11\/WhatsApp-Image-2025-11-21-at-12.38.27-2-768x432.jpeg 768w, https:\/\/www.marani.pl\/wp-content\/uploads\/2025\/11\/WhatsApp-Image-2025-11-21-at-12.38.27-2-1536x865.jpeg 1536w, https:\/\/www.marani.pl\/wp-content\/uploads\/2025\/11\/WhatsApp-Image-2025-11-21-at-12.38.27-2-18x10.jpeg 18w, https:\/\/www.marani.pl\/wp-content\/uploads\/2025\/11\/WhatsApp-Image-2025-11-21-at-12.38.27-2.jpeg 2000w\" sizes=\"(max-width: 1024px) 100vw, 1024px\" \/><\/figure>\n<\/figure>","protected":false},"excerpt":{"rendered":"<p>Z przyjemno\u015bci\u0105 informujemy, \u017ce nasze innowacyjne urz\u0105dzenie&nbsp;Marani ORC 10LT&nbsp;zosta\u0142o zaprezentowane na wystawie osi\u0105gni\u0119\u0107 Polskiej Akademii Nauk, odbywaj\u0105cej si\u0119 w ramach&nbsp;I [&hellip;]<\/p>","protected":false},"author":1,"featured_media":3745,"comment_status":"closed","ping_status":"open","sticky":false,"template":"","format":"standard","meta":{"site-sidebar-layout":"default","site-content-layout":"","ast-site-content-layout":"","site-content-style":"default","site-sidebar-style":"default","ast-global-header-display":"","ast-banner-title-visibility":"","ast-main-header-display":"","ast-hfb-above-header-display":"","ast-hfb-below-header-display":"","ast-hfb-mobile-header-display":"","site-post-title":"","ast-breadcrumbs-content":"","ast-featured-img":"","footer-sml-layout":"","theme-transparent-header-meta":"","adv-header-id-meta":"","stick-header-meta":"","header-above-stick-meta":"","header-main-stick-meta":"","header-below-stick-meta":"","astra-migrate-meta-layouts":"default","ast-page-background-enabled":"default","ast-page-background-meta":{"desktop":{"background-color":"var(--ast-global-color-4)","background-image":"","background-repeat":"repeat","background-position":"center center","background-size":"auto","background-attachment":"scroll","background-type":"","background-media":"","overlay-type":"","overlay-color":"","overlay-gradient":""},"tablet":{"background-color":"","background-image":"","background-repeat":"repeat","background-position":"center center","background-size":"auto","background-attachment":"scroll","background-type":"","background-media":"","overlay-type":"","overlay-color":"","overlay-gradient":""},"mobile":{"background-color":"","background-image":"","background-repeat":"repeat","background-position":"center center","background-size":"auto","background-attachment":"scroll","background-type":"","background-media":"","overlay-type":"","overlay-color":"","overlay-gradient":""}},"ast-content-background-meta":{"desktop":{"background-color":"var(--ast-global-color-5)","background-image":"","background-repeat":"repeat","background-position":"center center","background-size":"auto","background-attachment":"scroll","background-type":"","background-media":"","overlay-type":"","overlay-color":"","overlay-gradient":""},"tablet":{"background-color":"var(--ast-global-color-5)","background-image":"","background-repeat":"repeat","background-position":"center center","background-size":"auto","background-attachment":"scroll","background-type":"","background-media":"","overlay-type":"","overlay-color":"","overlay-gradient":""},"mobile":{"background-color":"var(--ast-global-color-5)","background-image":"","background-repeat":"repeat","background-position":"center center","background-size":"auto","background-attachment":"scroll","background-type":"","background-media":"","overlay-type":"","overlay-color":"","overlay-gradient":""}},"footnotes":""},"categories":[1],"tags":[],"class_list":["post-3744","post","type-post","status-publish","format-standard","has-post-thumbnail","hentry","category-aktualnosci"],"yoast_head":"<!-- This site is optimized with the Yoast SEO plugin v26.7 - https:\/\/yoast.com\/wordpress\/plugins\/seo\/ -->\n<title>Marani ORC 10 na I Narodowym Kongresie \u201eNauka dla Biznesu\u201d w Warszawie -<\/title>\n<meta name=\"robots\" content=\"index, follow, max-snippet:-1, max-image-preview:large, max-video-preview:-1\" \/>\n<link rel=\"canonical\" href=\"https:\/\/www.marani.pl\/en\/marani-orc-10-na-wystawie-osiagniec-polskiej-akademii-nauk-podczas-i-narodowego-kongresu-nauka-dla-biznesu-w-warszawie\/\" \/>\n<meta property=\"og:locale\" content=\"en_GB\" \/>\n<meta property=\"og:type\" content=\"article\" \/>\n<meta property=\"og:title\" content=\"Marani ORC 10 na I Narodowym Kongresie \u201eNauka dla Biznesu\u201d w Warszawie -\" \/>\n<meta property=\"og:description\" content=\"Z przyjemno\u015bci\u0105 informujemy, \u017ce nasze innowacyjne urz\u0105dzenie&nbsp;Marani ORC 10LT&nbsp;zosta\u0142o zaprezentowane na wystawie osi\u0105gni\u0119\u0107 Polskiej Akademii Nauk, odbywaj\u0105cej si\u0119 w ramach&nbsp;I [&hellip;]\" \/>\n<meta property=\"og:url\" content=\"https:\/\/www.marani.pl\/en\/marani-orc-10-na-wystawie-osiagniec-polskiej-akademii-nauk-podczas-i-narodowego-kongresu-nauka-dla-biznesu-w-warszawie\/\" \/>\n<meta property=\"article:publisher\" content=\"https:\/\/www.facebook.com\/MaraniCompressedAir\" \/>\n<meta property=\"article:published_time\" content=\"2025-11-20T07:28:43+00:00\" \/>\n<meta property=\"article:modified_time\" content=\"2025-11-21T16:30:42+00:00\" \/>\n<meta property=\"og:image\" content=\"https:\/\/www.marani.pl\/wp-content\/uploads\/2025\/11\/WhatsApp-Image-2025-11-19-at-20.20.29.jpeg\" \/>\n\t<meta property=\"og:image:width\" content=\"1200\" \/>\n\t<meta property=\"og:image:height\" content=\"1600\" \/>\n\t<meta property=\"og:image:type\" content=\"image\/jpeg\" \/>\n<meta name=\"author\" content=\"admin\" \/>\n<script type=\"application\/ld+json\" class=\"yoast-schema-graph\">{\"@context\":\"https:\/\/schema.org\",\"@graph\":[{\"@type\":\"Article\",\"@id\":\"https:\/\/www.marani.pl\/marani-orc-10-na-wystawie-osiagniec-polskiej-akademii-nauk-podczas-i-narodowego-kongresu-nauka-dla-biznesu-w-warszawie\/#article\",\"isPartOf\":{\"@id\":\"https:\/\/www.marani.pl\/marani-orc-10-na-wystawie-osiagniec-polskiej-akademii-nauk-podczas-i-narodowego-kongresu-nauka-dla-biznesu-w-warszawie\/\"},\"author\":{\"name\":\"admin\",\"@id\":\"https:\/\/www.marani.pl\/#\/schema\/person\/22ff6539bc8a75fb72262895a86009cc\"},\"headline\":\"Marani ORC 10 na I Narodowym Kongresie \u201eNauka dla Biznesu\u201d w Warszawie\",\"datePublished\":\"2025-11-20T07:28:43+00:00\",\"dateModified\":\"2025-11-21T16:30:42+00:00\",\"mainEntityOfPage\":{\"@id\":\"https:\/\/www.marani.pl\/marani-orc-10-na-wystawie-osiagniec-polskiej-akademii-nauk-podczas-i-narodowego-kongresu-nauka-dla-biznesu-w-warszawie\/\"},\"wordCount\":226,\"publisher\":{\"@id\":\"https:\/\/www.marani.pl\/#organization\"},\"image\":{\"@id\":\"https:\/\/www.marani.pl\/marani-orc-10-na-wystawie-osiagniec-polskiej-akademii-nauk-podczas-i-narodowego-kongresu-nauka-dla-biznesu-w-warszawie\/#primaryimage\"},\"thumbnailUrl\":\"https:\/\/www.marani.pl\/wp-content\/uploads\/2025\/11\/WhatsApp-Image-2025-11-19-at-20.20.29.jpeg\",\"articleSection\":[\"Aktualno\u015bci\"],\"inLanguage\":\"en-GB\"},{\"@type\":\"WebPage\",\"@id\":\"https:\/\/www.marani.pl\/marani-orc-10-na-wystawie-osiagniec-polskiej-akademii-nauk-podczas-i-narodowego-kongresu-nauka-dla-biznesu-w-warszawie\/\",\"url\":\"https:\/\/www.marani.pl\/marani-orc-10-na-wystawie-osiagniec-polskiej-akademii-nauk-podczas-i-narodowego-kongresu-nauka-dla-biznesu-w-warszawie\/\",\"name\":\"Marani ORC 10 na I Narodowym Kongresie \u201eNauka dla Biznesu\u201d w Warszawie -\",\"isPartOf\":{\"@id\":\"https:\/\/www.marani.pl\/#website\"},\"primaryImageOfPage\":{\"@id\":\"https:\/\/www.marani.pl\/marani-orc-10-na-wystawie-osiagniec-polskiej-akademii-nauk-podczas-i-narodowego-kongresu-nauka-dla-biznesu-w-warszawie\/#primaryimage\"},\"image\":{\"@id\":\"https:\/\/www.marani.pl\/marani-orc-10-na-wystawie-osiagniec-polskiej-akademii-nauk-podczas-i-narodowego-kongresu-nauka-dla-biznesu-w-warszawie\/#primaryimage\"},\"thumbnailUrl\":\"https:\/\/www.marani.pl\/wp-content\/uploads\/2025\/11\/WhatsApp-Image-2025-11-19-at-20.20.29.jpeg\",\"datePublished\":\"2025-11-20T07:28:43+00:00\",\"dateModified\":\"2025-11-21T16:30:42+00:00\",\"breadcrumb\":{\"@id\":\"https:\/\/www.marani.pl\/marani-orc-10-na-wystawie-osiagniec-polskiej-akademii-nauk-podczas-i-narodowego-kongresu-nauka-dla-biznesu-w-warszawie\/#breadcrumb\"},\"inLanguage\":\"en-GB\",\"potentialAction\":[{\"@type\":\"ReadAction\",\"target\":[\"https:\/\/www.marani.pl\/marani-orc-10-na-wystawie-osiagniec-polskiej-akademii-nauk-podczas-i-narodowego-kongresu-nauka-dla-biznesu-w-warszawie\/\"]}]},{\"@type\":\"ImageObject\",\"inLanguage\":\"en-GB\",\"@id\":\"https:\/\/www.marani.pl\/marani-orc-10-na-wystawie-osiagniec-polskiej-akademii-nauk-podczas-i-narodowego-kongresu-nauka-dla-biznesu-w-warszawie\/#primaryimage\",\"url\":\"https:\/\/www.marani.pl\/wp-content\/uploads\/2025\/11\/WhatsApp-Image-2025-11-19-at-20.20.29.jpeg\",\"contentUrl\":\"https:\/\/www.marani.pl\/wp-content\/uploads\/2025\/11\/WhatsApp-Image-2025-11-19-at-20.20.29.jpeg\",\"width\":1200,\"height\":1600},{\"@type\":\"BreadcrumbList\",\"@id\":\"https:\/\/www.marani.pl\/marani-orc-10-na-wystawie-osiagniec-polskiej-akademii-nauk-podczas-i-narodowego-kongresu-nauka-dla-biznesu-w-warszawie\/#breadcrumb\",\"itemListElement\":[{\"@type\":\"ListItem\",\"position\":1,\"name\":\"Strona g\u0142\u00f3wna\",\"item\":\"https:\/\/www.marani.pl\/\"},{\"@type\":\"ListItem\",\"position\":2,\"name\":\"Marani ORC 10 na I Narodowym Kongresie \u201eNauka dla Biznesu\u201d w Warszawie\"}]},{\"@type\":\"WebSite\",\"@id\":\"https:\/\/www.marani.pl\/#website\",\"url\":\"https:\/\/www.marani.pl\/\",\"name\":\"\",\"description\":\"\",\"publisher\":{\"@id\":\"https:\/\/www.marani.pl\/#organization\"},\"potentialAction\":[{\"@type\":\"SearchAction\",\"target\":{\"@type\":\"EntryPoint\",\"urlTemplate\":\"https:\/\/www.marani.pl\/?s={search_term_string}\"},\"query-input\":{\"@type\":\"PropertyValueSpecification\",\"valueRequired\":true,\"valueName\":\"search_term_string\"}}],\"inLanguage\":\"en-GB\"},{\"@type\":\"Organization\",\"@id\":\"https:\/\/www.marani.pl\/#organization\",\"name\":\"Marani Sp. z o.o.\",\"url\":\"https:\/\/www.marani.pl\/\",\"logo\":{\"@type\":\"ImageObject\",\"inLanguage\":\"en-GB\",\"@id\":\"https:\/\/www.marani.pl\/#\/schema\/logo\/image\/\",\"url\":\"https:\/\/www.marani.pl\/wp-content\/uploads\/2024\/01\/mm4-1-1.jpg\",\"contentUrl\":\"https:\/\/www.marani.pl\/wp-content\/uploads\/2024\/01\/mm4-1-1.jpg\",\"width\":1200,\"height\":897,\"caption\":\"Marani Sp. z o.o.\"},\"image\":{\"@id\":\"https:\/\/www.marani.pl\/#\/schema\/logo\/image\/\"},\"sameAs\":[\"https:\/\/www.facebook.com\/MaraniCompressedAir\"]},{\"@type\":\"Person\",\"@id\":\"https:\/\/www.marani.pl\/#\/schema\/person\/22ff6539bc8a75fb72262895a86009cc\",\"name\":\"admin\",\"image\":{\"@type\":\"ImageObject\",\"inLanguage\":\"en-GB\",\"@id\":\"https:\/\/www.marani.pl\/#\/schema\/person\/image\/\",\"url\":\"https:\/\/secure.gravatar.com\/avatar\/60a8cad58673016d20a75261c088f8c4571f67273d9b1beede35a80a1e9d7431?s=96&d=mm&r=g\",\"contentUrl\":\"https:\/\/secure.gravatar.com\/avatar\/60a8cad58673016d20a75261c088f8c4571f67273d9b1beede35a80a1e9d7431?s=96&d=mm&r=g\",\"caption\":\"admin\"},\"sameAs\":[\"http:\/\/pl.marani.pl\"],\"url\":\"https:\/\/www.marani.pl\/en\/author\/admin\/\"}]}<\/script>\n<!-- \/ Yoast SEO plugin. -->","yoast_head_json":{"title":"Marani ORC 10 na I Narodowym Kongresie \u201eNauka dla Biznesu\u201d w Warszawie -","robots":{"index":"index","follow":"follow","max-snippet":"max-snippet:-1","max-image-preview":"max-image-preview:large","max-video-preview":"max-video-preview:-1"},"canonical":"https:\/\/www.marani.pl\/en\/marani-orc-10-na-wystawie-osiagniec-polskiej-akademii-nauk-podczas-i-narodowego-kongresu-nauka-dla-biznesu-w-warszawie\/","og_locale":"en_GB","og_type":"article","og_title":"Marani ORC 10 na I Narodowym Kongresie \u201eNauka dla Biznesu\u201d w Warszawie -","og_description":"Z przyjemno\u015bci\u0105 informujemy, \u017ce nasze innowacyjne urz\u0105dzenie&nbsp;Marani ORC 10LT&nbsp;zosta\u0142o zaprezentowane na wystawie osi\u0105gni\u0119\u0107 Polskiej Akademii Nauk, odbywaj\u0105cej si\u0119 w ramach&nbsp;I [&hellip;]","og_url":"https:\/\/www.marani.pl\/en\/marani-orc-10-na-wystawie-osiagniec-polskiej-akademii-nauk-podczas-i-narodowego-kongresu-nauka-dla-biznesu-w-warszawie\/","article_publisher":"https:\/\/www.facebook.com\/MaraniCompressedAir","article_published_time":"2025-11-20T07:28:43+00:00","article_modified_time":"2025-11-21T16:30:42+00:00","og_image":[{"width":1200,"height":1600,"url":"https:\/\/www.marani.pl\/wp-content\/uploads\/2025\/11\/WhatsApp-Image-2025-11-19-at-20.20.29.jpeg","type":"image\/jpeg"}],"author":"admin","schema":{"@context":"https:\/\/schema.org","@graph":[{"@type":"Article","@id":"https:\/\/www.marani.pl\/marani-orc-10-na-wystawie-osiagniec-polskiej-akademii-nauk-podczas-i-narodowego-kongresu-nauka-dla-biznesu-w-warszawie\/#article","isPartOf":{"@id":"https:\/\/www.marani.pl\/marani-orc-10-na-wystawie-osiagniec-polskiej-akademii-nauk-podczas-i-narodowego-kongresu-nauka-dla-biznesu-w-warszawie\/"},"author":{"name":"admin","@id":"https:\/\/www.marani.pl\/#\/schema\/person\/22ff6539bc8a75fb72262895a86009cc"},"headline":"Marani ORC 10 na I Narodowym Kongresie \u201eNauka dla Biznesu\u201d w Warszawie","datePublished":"2025-11-20T07:28:43+00:00","dateModified":"2025-11-21T16:30:42+00:00","mainEntityOfPage":{"@id":"https:\/\/www.marani.pl\/marani-orc-10-na-wystawie-osiagniec-polskiej-akademii-nauk-podczas-i-narodowego-kongresu-nauka-dla-biznesu-w-warszawie\/"},"wordCount":226,"publisher":{"@id":"https:\/\/www.marani.pl\/#organization"},"image":{"@id":"https:\/\/www.marani.pl\/marani-orc-10-na-wystawie-osiagniec-polskiej-akademii-nauk-podczas-i-narodowego-kongresu-nauka-dla-biznesu-w-warszawie\/#primaryimage"},"thumbnailUrl":"https:\/\/www.marani.pl\/wp-content\/uploads\/2025\/11\/WhatsApp-Image-2025-11-19-at-20.20.29.jpeg","articleSection":["Aktualno\u015bci"],"inLanguage":"en-GB"},{"@type":"WebPage","@id":"https:\/\/www.marani.pl\/marani-orc-10-na-wystawie-osiagniec-polskiej-akademii-nauk-podczas-i-narodowego-kongresu-nauka-dla-biznesu-w-warszawie\/","url":"https:\/\/www.marani.pl\/marani-orc-10-na-wystawie-osiagniec-polskiej-akademii-nauk-podczas-i-narodowego-kongresu-nauka-dla-biznesu-w-warszawie\/","name":"Marani ORC 10 na I Narodowym Kongresie \u201eNauka dla Biznesu\u201d w Warszawie -","isPartOf":{"@id":"https:\/\/www.marani.pl\/#website"},"primaryImageOfPage":{"@id":"https:\/\/www.marani.pl\/marani-orc-10-na-wystawie-osiagniec-polskiej-akademii-nauk-podczas-i-narodowego-kongresu-nauka-dla-biznesu-w-warszawie\/#primaryimage"},"image":{"@id":"https:\/\/www.marani.pl\/marani-orc-10-na-wystawie-osiagniec-polskiej-akademii-nauk-podczas-i-narodowego-kongresu-nauka-dla-biznesu-w-warszawie\/#primaryimage"},"thumbnailUrl":"https:\/\/www.marani.pl\/wp-content\/uploads\/2025\/11\/WhatsApp-Image-2025-11-19-at-20.20.29.jpeg","datePublished":"2025-11-20T07:28:43+00:00","dateModified":"2025-11-21T16:30:42+00:00","breadcrumb":{"@id":"https:\/\/www.marani.pl\/marani-orc-10-na-wystawie-osiagniec-polskiej-akademii-nauk-podczas-i-narodowego-kongresu-nauka-dla-biznesu-w-warszawie\/#breadcrumb"},"inLanguage":"en-GB","potentialAction":[{"@type":"ReadAction","target":["https:\/\/www.marani.pl\/marani-orc-10-na-wystawie-osiagniec-polskiej-akademii-nauk-podczas-i-narodowego-kongresu-nauka-dla-biznesu-w-warszawie\/"]}]},{"@type":"ImageObject","inLanguage":"en-GB","@id":"https:\/\/www.marani.pl\/marani-orc-10-na-wystawie-osiagniec-polskiej-akademii-nauk-podczas-i-narodowego-kongresu-nauka-dla-biznesu-w-warszawie\/#primaryimage","url":"https:\/\/www.marani.pl\/wp-content\/uploads\/2025\/11\/WhatsApp-Image-2025-11-19-at-20.20.29.jpeg","contentUrl":"https:\/\/www.marani.pl\/wp-content\/uploads\/2025\/11\/WhatsApp-Image-2025-11-19-at-20.20.29.jpeg","width":1200,"height":1600},{"@type":"BreadcrumbList","@id":"https:\/\/www.marani.pl\/marani-orc-10-na-wystawie-osiagniec-polskiej-akademii-nauk-podczas-i-narodowego-kongresu-nauka-dla-biznesu-w-warszawie\/#breadcrumb","itemListElement":[{"@type":"ListItem","position":1,"name":"Strona g\u0142\u00f3wna","item":"https:\/\/www.marani.pl\/"},{"@type":"ListItem","position":2,"name":"Marani ORC 10 na I Narodowym Kongresie \u201eNauka dla Biznesu\u201d w Warszawie"}]},{"@type":"WebSite","@id":"https:\/\/www.marani.pl\/#website","url":"https:\/\/www.marani.pl\/","name":"","description":"","publisher":{"@id":"https:\/\/www.marani.pl\/#organization"},"potentialAction":[{"@type":"SearchAction","target":{"@type":"EntryPoint","urlTemplate":"https:\/\/www.marani.pl\/?s={search_term_string}"},"query-input":{"@type":"PropertyValueSpecification","valueRequired":true,"valueName":"search_term_string"}}],"inLanguage":"en-GB"},{"@type":"Organization","@id":"https:\/\/www.marani.pl\/#organization","name":"Marani Sp. z o.o.","url":"https:\/\/www.marani.pl\/","logo":{"@type":"ImageObject","inLanguage":"en-GB","@id":"https:\/\/www.marani.pl\/#\/schema\/logo\/image\/","url":"https:\/\/www.marani.pl\/wp-content\/uploads\/2024\/01\/mm4-1-1.jpg","contentUrl":"https:\/\/www.marani.pl\/wp-content\/uploads\/2024\/01\/mm4-1-1.jpg","width":1200,"height":897,"caption":"Marani Sp. z o.o."},"image":{"@id":"https:\/\/www.marani.pl\/#\/schema\/logo\/image\/"},"sameAs":["https:\/\/www.facebook.com\/MaraniCompressedAir"]},{"@type":"Person","@id":"https:\/\/www.marani.pl\/#\/schema\/person\/22ff6539bc8a75fb72262895a86009cc","name":"admin","image":{"@type":"ImageObject","inLanguage":"en-GB","@id":"https:\/\/www.marani.pl\/#\/schema\/person\/image\/","url":"https:\/\/secure.gravatar.com\/avatar\/60a8cad58673016d20a75261c088f8c4571f67273d9b1beede35a80a1e9d7431?s=96&d=mm&r=g","contentUrl":"https:\/\/secure.gravatar.com\/avatar\/60a8cad58673016d20a75261c088f8c4571f67273d9b1beede35a80a1e9d7431?s=96&d=mm&r=g","caption":"admin"},"sameAs":["http:\/\/pl.marani.pl"],"url":"https:\/\/www.marani.pl\/en\/author\/admin\/"}]}},"_links":{"self":[{"href":"https:\/\/www.marani.pl\/en\/wp-json\/wp\/v2\/posts\/3744","targetHints":{"allow":["GET"]}}],"collection":[{"href":"https:\/\/www.marani.pl\/en\/wp-json\/wp\/v2\/posts"}],"about":[{"href":"https:\/\/www.marani.pl\/en\/wp-json\/wp\/v2\/types\/post"}],"author":[{"embeddable":true,"href":"https:\/\/www.marani.pl\/en\/wp-json\/wp\/v2\/users\/1"}],"replies":[{"embeddable":true,"href":"https:\/\/www.marani.pl\/en\/wp-json\/wp\/v2\/comments?post=3744"}],"version-history":[{"count":3,"href":"https:\/\/www.marani.pl\/en\/wp-json\/wp\/v2\/posts\/3744\/revisions"}],"predecessor-version":[{"id":3758,"href":"https:\/\/www.marani.pl\/en\/wp-json\/wp\/v2\/posts\/3744\/revisions\/3758"}],"wp:featuredmedia":[{"embeddable":true,"href":"https:\/\/www.marani.pl\/en\/wp-json\/wp\/v2\/media\/3745"}],"wp:attachment":[{"href":"https:\/\/www.marani.pl\/en\/wp-json\/wp\/v2\/media?parent=3744"}],"wp:term":[{"taxonomy":"category","embeddable":true,"href":"https:\/\/www.marani.pl\/en\/wp-json\/wp\/v2\/categories?post=3744"},{"taxonomy":"post_tag","embeddable":true,"href":"https:\/\/www.marani.pl\/en\/wp-json\/wp\/v2\/tags?post=3744"}],"curies":[{"name":"wp","href":"https:\/\/api.w.org\/{rel}","templated":true}]}}